{"id":1105,"date":"2024-09-11T10:59:25","date_gmt":"2024-09-11T10:59:25","guid":{"rendered":"https:\/\/comerciodetorrelavega.com\/?p=1105"},"modified":"2024-09-13T07:55:38","modified_gmt":"2024-09-13T07:55:38","slug":"tus-compras-en-torrelavega-3","status":"publish","type":"post","link":"https:\/\/comerciodetorrelavega.com\/?p=1105","title":{"rendered":"Tus Compras&#8230; en Torrelavega"},"content":{"rendered":"\t\t<div data-elementor-type=\"wp-post\" data-elementor-id=\"1105\" class=\"elementor elementor-1105\">\n\t\t\t\t\t\t<section class=\"elementor-section elementor-top-section elementor-element elementor-element-6b6a34b elementor-section-boxed elementor-section-height-default elementor-section-height-default\" data-id=\"6b6a34b\" data-element_type=\"section\" data-e-type=\"section\">\n\t\t\t\t\t\t<div class=\"elementor-container elementor-column-gap-default\">\n\t\t\t\t\t<div class=\"elementor-column elementor-col-100 elementor-top-column elementor-element elementor-element-2957265\" data-id=\"2957265\" data-element_type=\"column\" data-e-type=\"column\">\n\t\t\t<div class=\"elementor-widget-wrap elementor-element-populated\">\n\t\t\t\t\t\t<div class=\"elementor-element elementor-element-56202a3 elementor-widget elementor-widget-image\" data-id=\"56202a3\" data-element_type=\"widget\" data-e-type=\"widget\" data-widget_type=\"image.default\">\n\t\t\t\t<div class=\"elementor-widget-container\">\n\t\t\t\t\t\t\t\t\t\t\t\t\t\t\t<img fetchpriority=\"high\" decoding=\"async\" width=\"768\" height=\"403\" src=\"https:\/\/comerciodetorrelavega.com\/wp-content\/uploads\/2024\/09\/tuscompras2024web-768x403.jpg\" class=\"attachment-medium_large size-medium_large wp-image-1114\" alt=\"Tus compras en Torrelavega\" srcset=\"https:\/\/comerciodetorrelavega.com\/wp-content\/uploads\/2024\/09\/tuscompras2024web-768x403.jpg 768w, https:\/\/comerciodetorrelavega.com\/wp-content\/uploads\/2024\/09\/tuscompras2024web-300x158.jpg 300w, https:\/\/comerciodetorrelavega.com\/wp-content\/uploads\/2024\/09\/tuscompras2024web-1024x538.jpg 1024w, https:\/\/comerciodetorrelavega.com\/wp-content\/uploads\/2024\/09\/tuscompras2024web.jpg 1200w\" sizes=\"(max-width: 768px) 100vw, 768px\" \/>\t\t\t\t\t\t\t\t\t\t\t\t\t\t\t<\/div>\n\t\t\t\t<\/div>\n\t\t\t\t\t<\/div>\n\t\t<\/div>\n\t\t\t\t\t<\/div>\n\t\t<\/section>\n\t\t\t\t<section class=\"elementor-section elementor-top-section elementor-element elementor-element-3d66c97 elementor-section-boxed elementor-section-height-default elementor-section-height-default\" data-id=\"3d66c97\" data-element_type=\"section\" data-e-type=\"section\">\n\t\t\t\t\t\t<div class=\"elementor-container elementor-column-gap-default\">\n\t\t\t\t\t<div class=\"elementor-column elementor-col-100 elementor-top-column elementor-element elementor-element-4d0dc7f\" data-id=\"4d0dc7f\" data-element_type=\"column\" data-e-type=\"column\">\n\t\t\t<div class=\"elementor-widget-wrap elementor-element-populated\">\n\t\t\t\t\t\t<div class=\"elementor-element elementor-element-8243010 elementor-widget elementor-widget-heading\" data-id=\"8243010\" data-element_type=\"widget\" data-e-type=\"widget\" data-widget_type=\"heading.default\">\n\t\t\t\t<div class=\"elementor-widget-container\">\n\t\t\t\t\t<h3 class=\"elementor-heading-title elementor-size-default\">Bases<\/h3>\t\t\t\t<\/div>\n\t\t\t\t<\/div>\n\t\t\t\t\t<\/div>\n\t\t<\/div>\n\t\t\t\t\t<\/div>\n\t\t<\/section>\n\t\t\t\t<section class=\"elementor-section elementor-top-section elementor-element elementor-element-41aff01 elementor-section-boxed elementor-section-height-default elementor-section-height-default\" data-id=\"41aff01\" data-element_type=\"section\" data-e-type=\"section\">\n\t\t\t\t\t\t<div class=\"elementor-container elementor-column-gap-default\">\n\t\t\t\t\t<div class=\"elementor-column elementor-col-100 elementor-top-column elementor-element elementor-element-b71d562\" data-id=\"b71d562\" data-element_type=\"column\" data-e-type=\"column\">\n\t\t\t<div class=\"elementor-widget-wrap elementor-element-populated\">\n\t\t\t\t\t\t<div class=\"elementor-element elementor-element-cb6c432 elementor-widget elementor-widget-text-editor\" data-id=\"cb6c432\" data-element_type=\"widget\" data-e-type=\"widget\" data-widget_type=\"text-editor.default\">\n\t\t\t\t<div class=\"elementor-widget-container\">\n\t\t\t\t\t\t\t\t\t<ul><li>Cada establecimiento dispondr\u00e1 de un m\u00ednimo de 200 papeletas para poder repartir entre los clientes que compren por un m\u00ednimo de 5 \u20ac, as\u00ed como carteles promocionales.<\/li><li>Cada establecimiento participante entregar\u00e1 a su cliente <strong><u>una papeleta por cada tramo de compra superior a 5 \u20ac, hasta un m\u00e1ximo de 10 papeletas por venta<\/u><\/strong>, que este cumplimentar\u00e1 con su nombre, apellidos y tel\u00e9fono de contacto. Los datos personales recogidos durante esta campa\u00f1a no entrar\u00e1n a formar parte de ninguna base de datos, procedi\u00e9ndose a su destrucci\u00f3n una vez finalizada la campa\u00f1a y respet\u00e1ndose el contenido de la LOPD.<\/li><li>Los establecimientos participantes en la campa\u00f1a aparecer\u00e1n en un listado publicado en el Facebook y en la web de Comvega\u00a0 <a href=\"http:\/\/www.comerciodetorrelavega.com\">www.comerciodetorrelavega.com<\/a><\/li><li>Las papeletas se rellenar\u00e1n por los clientes\u00a0<strong><u>del 12 al 24 de septiembre inclusive<\/u><\/strong>.<\/li><li>Cada comercio guardar\u00e1 en su establecimiento esas papeletas cumplimentadas por los clientes hasta que sean retiradas por la organizaci\u00f3n.<\/li><li>Cada una de\u00a0las papeletas cumplimentadas deber\u00e1n tener el sello o los datos del establecimiento\u00a0que las haya entregado.<\/li><li><strong><u>El d\u00eda 25 de septiembre, a las 20:00 horas, en la c\u00e1mara de comercio de Torrelavega, se proceder\u00e1 a extraer cuatro papeletas<\/u><\/strong>, que deber\u00e1n estar debidamente cumplimentadas y con el identificativo del establecimiento participante.<\/li><li><strong><u>El premio para las cuatro personas titulares de esas papeletas ser\u00e1 un cheque regalo, por valor de 500 \u20ac cada uno, a consumir durante el d\u00eda 27 de septiembre <\/u><\/strong>en los establecimientos participantes en la campa\u00f1a.<\/li><li>Se extraer\u00e1n, igualmente, cuatro papeletas de reserva que se dar\u00e1n a conocer solo si alguna de las inicialmente agraciadas no fuese localizada en las 24 horas siguientes al sorteo.<\/li><li>La persona premiada, si no fuera localizada en el tel\u00e9fono indicado en la papeleta en las 24 horas siguientes al sorteo, <strong>no tendr\u00e1 derecho a la obtenci\u00f3n del premio de esta campa\u00f1a.<\/strong><\/li><li>Una vez localizadas las personas premiadas se les har\u00e1 llegar <strong>un listado con los comercios participantes en la promoci\u00f3n<\/strong>.<\/li><li>A cada una de las dos personas premiadas se les entregar\u00e1, el d\u00eda 27 de septiembre, un cheque regalo por un total de 500 \u20ac, que deber\u00e1n gastar ese mismo d\u00eda <strong>en 3 establecimientos participantes en la campa\u00f1a, siendo obligatorio hacer un gasto m\u00ednimo de 200 \u20ac en el establecimiento donde se sell\u00f3 cada una de las papeletas ganadoras. <\/strong>La compra m\u00ednima en el resto de establecimientos ser\u00e1 de 50\u20ac.<strong><br \/><\/strong><\/li><li>Al comerciante se le entregar\u00e1, como m\u00e1ximo, el importe del vale que canjee, siempre que el importe del ticket sea igual o superior al mismo. Si el valor del ticket fuera inferior se le entregar\u00e1 el importe del valor del ticket.<\/li><li>Las personas premiadas deber\u00e1n entregar a la organizaci\u00f3n una fotocopia de su dni, firmar el correspondiente recib\u00ed del premio y permitir la toma de im\u00e1genes del evento que quedar\u00e1n a disposici\u00f3n de la organizaci\u00f3n.<\/li><li>Cualquier vale manipulado o defectuoso no ser\u00e1 aceptado por la organizaci\u00f3n para que pueda ser canjeado.<\/li><li>En la campa\u00f1a podr\u00e1n participar y ser premiadas\u00a0exclusivamente <strong><u>personas mayores de 18 a\u00f1os<\/u><\/strong>.<\/li><li><strong>La persona premiada no podr\u00e1 ser sustituida por otra para realizar las compras el d\u00eda 27 de septiembre<\/strong> a no ser que exista un motivo de fuerza mayor debidamente acreditado y autorizado por la organizaci\u00f3n.<\/li><li>No podr\u00e1 ser premiada una persona que haya cumplimentado su papeleta en el establecimiento en el que trabaje, ni tampoco por parte de un familiar de primer o segundo grado del titular o de quienes trabajen en el mismo.<\/li><li>Las cuatro papeletas ganadoras <strong>deber\u00e1n haber sido selladas por distintos establecimientos<\/strong>.<\/li><li>Los <strong><u>establecimientos que durante la campa\u00f1a no hayan entregado papeletas<\/u><\/strong> a sus clientes no podr\u00e1n ser receptores de compras por parte de los ganadores de los premios.<\/li><li>El incumplimiento de alg\u00fan punto de estas bases por el comerciante o por el agraciado dar\u00e1 lugar a la revocaci\u00f3n del premio o a no poder canjear el vale correspondiente por parte del comercio.<\/li><li>Cualquier duda o controversia que generen las presentes bases ser\u00e1n resueltas por la Asociaci\u00f3n de Comerciantes de Torrelavega-COMVEGA, siendo su resoluci\u00f3n inapelable.<\/li><\/ul><p><strong><em>CAMPA\u00d1A ORGANIZADA POR LA ASOCIACI\u00d3N DE COMERCIANTES Y EMPRESARIOS DE TORRELAVEGA (COMVEGA), EN LA QUE COLABORA LA CONSEJER\u00cdA DE INDUSTRIA, EMPLEO, INNOVACI\u00d3N Y COMERCIO DEL GOBIERNO DE CANTABRIA, EL AYUNTAMIENTO DE TORRELAVEGA, LA C\u00c1MARA DE COMERCIO DE TORRELAVEGA Y LA FEDERACI\u00d3N DEL COMERCIO DE CANTABRIA-COERCAN<\/em><\/strong><\/p>\t\t\t\t\t\t\t\t<\/div>\n\t\t\t\t<\/div>\n\t\t\t\t<div class=\"elementor-element elementor-element-9cbb5fb elementor-widget elementor-widget-heading\" data-id=\"9cbb5fb\" data-element_type=\"widget\" data-e-type=\"widget\" data-widget_type=\"heading.default\">\n\t\t\t\t<div class=\"elementor-widget-container\">\n\t\t\t\t\t<h3 class=\"elementor-heading-title elementor-size-default\">Establecimientos participantes<\/h3>\t\t\t\t<\/div>\n\t\t\t\t<\/div>\n\t\t\t\t<div class=\"elementor-element elementor-element-415608c elementor-widget elementor-widget-text-editor\" data-id=\"415608c\" data-element_type=\"widget\" data-e-type=\"widget\" data-widget_type=\"text-editor.default\">\n\t\t\t\t<div class=\"elementor-widget-container\">\n\t\t\t\t\t\t\t\t\t<ul><li>2 VALDESES RESTAURANTE \u2013 C\/ AUGUSTO G. LINARES 26<\/li><li>ABMICROS \u2013 C\/ JOS\u00c9 MAR\u00cdA PEREDA 42<\/li><li>ADMINISTRACI\u00d3N DE LOTER\u00cdA N\u00ba 4 \u2013 C\/ VALLE DE VALD\u00c1LIGA N\u00ba 5<\/li><li>ACADEMIA DE PELUQUER\u00cdA CARLOS\u2019S \u2013 C\/ PEP\u00cdN DEL R\u00cdO GATOO 3<\/li><li>AJA SONIDO \u2013 C\/ JOS\u00c9 MAR\u00cdA PEREDA, 26<\/li><li>APB COMPUTERS \u2013 C\/ ANSAR, 1<\/li><li>ARTES MARATTA \u2013 C\/ JOS\u00c9 M\u00aa DE PEREDA, 22<\/li><li>AUTOCLASS 21 \u2013 C\/ PADRE DAMI\u00c1N 21<\/li><li>BAR VALPAS \u2013 C\/ JOS\u00c9 MAR\u00cdA PEREDA 36<\/li><li>BARBER CRISTINA G\u00d3MEZ \u2013 C\/ CEFERINO CALDER\u00d3N 8<\/li><li>BIENESTARIS \u2013 C\/ JOS\u00c9 MAR\u00cdA PEREDA 63<\/li><li>CAFETER\u00cdA EL ENTRANTE \u2013 C\/ VALLE DE RUESGA 6<\/li><li>CANDY LAND \u2013 C\/ JUAN JOS\u00c9 RUANO 1<\/li><li>CARNICER\u00cdA CARLOS \u2013 PLZ. DE LOS VALLES 7<\/li><li>CENOR ELECTRODOM\u00c9STICOS\u2013 JOS\u00c9 MAR\u00cdA PEREDA 21<\/li><li>CENTRO RODOLFO DEL BARRIO PELUQUEROS &#8211; C\/ JOS\u00c9 MAR\u00cdA PEREDA 26<\/li><li>CENTROS DE ACTIVIDAD F\u00cdSICA Y FISIOTERAPIA ARENA &#8211; C\/ JOAQU\u00cdN CAY\u00d3N 9-11<\/li><li>COMERCIAL GEL\u00cdN \u2013 C\/ BONIFACIO CASTILLO ORCAJO 9<\/li><li>CONGELADOS MARYVER \u2013 PLZ. DE LOS VALLES 3<\/li><li>EL ZORRO \u2013 C\/ JOS\u00c9 MAR\u00cdA PEREDA 35 BJ 7<\/li><li>ESTANCO CAMPUZANO \u2013 AV. PALENCIA N\u00ba 23<\/li><li>ESTANCO N\u00ba 9 \u2013 C\/ LI\u00c9BANA 2<\/li><li>ESTANCO TORRE 2 \u2013 C\/ CONDE TORREANANZ N\u00ba 1 BAJO<\/li><li>EXCLUSIVAS TORREANAZ \u2013 C\/ JOS\u00c9 MAR\u00cdA DE PEREDA N\u00ba8 BAJO<\/li><li>FARMACIA AURORA ASENSIO OCHOA \u2013 AV. PALENCIA 15 CAMPUZANO<\/li><li>FARMACIA NURIA BOTE &#8211; AV. DE CABU\u00c9RNIGA 14<\/li><li>FERRETER\u00cdA EL 95 \u2013 AV. CANTABRIA S\/N<\/li><li>FLASH BODY FASHION TATUAJES \u2013 C\/ AUGUSTO G LINARES 9<\/li><li>FLORES ALTEA \u2013 C\/ JULI\u00c1N URBINA 8<\/li><li>FLORES MANUEL \u2013 C\/ RUIZ TAGLE 7<\/li><li>FLORISTER\u00cdA AROMAS \u2013 C\/ PABLO GARNICA 1<\/li><li>FLORISTER\u00cdA PEONIA GARDEN \u2013 AV. MEN\u00c9NDEZ PELAYO 6<\/li><li>FOTOLATENTE ESTUDIO \u2013 C\/ PINTOR MODINOS 4 BJ 5<\/li><li>FRUTAS BARQU\u00cdN \u2013 AV. GENERAL CASTA\u00d1EDA 4<\/li><li>FRUTAS BLAS \u2013 C\/ SOBA S\/N<\/li><li>FRUTER\u00cdA&amp;CO \u2013 C\/ LASAGA LARRETA N\u00ba 24<\/li><li>GANESH GROW \u2013 C\/ JOS\u00c9 GUTI\u00c9RREZ ALONSO 12<\/li><li>GLASS DRIVE \u2013 AV. DE BILBAO 30<\/li><li>\u00cdNDIGO MODA Y COMPLEMENTOS \u2013 C\/ JOAQU\u00cdN HOYOS 4<\/li><li>INTERZOO \u2013 C\/ JULI\u00c1N CEBALLOS 36<\/li><li>JOYER\u00cdA ARTE \u2013 C\/ CONSOLACI\u00d3N 18<\/li><li>JOYER\u00cdA GRECO \u2013 PLZ. MAYOR, 2<\/li><li>JOYER\u00cdA JOSE LUIS \u2013 PLZ. DE LOS VALLES, 6 BJ.<\/li><li>JOYER\u00cdA PONCHO \u2013 PSO. JULIO HAUZEUR, 2 \u2013 C.C. ALTAMIRA<\/li><li>JOYER\u00cdA RELOJER\u00cdA DALA \u2013 AV. DEL BESAYA 28<\/li><li>JULMAN ELECTRODOM\u00c9STICOS \u2013 AV. DEL BESAYA 40<\/li><li>LA TIENDUCA DE TANOS \u2013 C\/ JOS\u00c9 GUTI\u00c9RREZ PORTILLA 465<\/li><li>LIBRER\u00cdA CAMPILLO \u2013 C\/ JULI\u00c1N CEBALLOS, 31<\/li><li>LIBRER\u00cdA TAIGA \u2013 C\/ JULI\u00c1N CEBALLOS 17<\/li><li>MOTOS JES\u00daS S\u00c1IZ \u2013 C\/ JOS\u00c9 MAR\u00cdA DE PEREDA 38<\/li><li>NGH COSMETIC \u2013 C\/ JULI\u00c1N CEBALLOS 50<\/li><li>OPEN HOMBRE &#8211; C\/JOS\u00c9 POSADA HERRERA<\/li><li>PALO DE FRESA \u2013 C\/ SERAF\u00cdN ESCALANTE 4<\/li><li>PANADER\u00cdA LA ASUNCI\u00d3N \u2013 C\/ CONSOLACI\u00d3N 29<\/li><li>PASTELER\u00cdA SOL \u2013 PLZ. DE LOS VALLES 5<\/li><li>PCBOX \u2013 C\/ HERMILIO ALCALDE DEL RIO 12<\/li><li>PELUQUER\u00cdA LINEA UNO \u2013 C\/ JULI\u00c1N CEBALLOS 7<\/li><li>PELUQUER\u00cdA PEDRO COLLANTES \u2013 C\/ JOAQU\u00cdN HOYOS 2<\/li><li>PELUQUER\u00cdA PEREDA 41 \u2013 C\/ JOS\u00c9 MAR\u00cdA PEREDA, 20 BJ.<\/li><li>PELUQUER\u00cdAS CARLOS\u00b4S \u2013 CC CARREFOUR<\/li><li>PESCADER\u00cdA SUANCES \u2013 PLZ. PEDRO ANTONIO GOMEZ HAZA S\/N<\/li><li>QUESER\u00cdA HERMANOS S\u00c1EZ \u2013 B\u00ba LA MONTA\u00d1A 64-68<\/li><li>QUIROSPAT \u2013 C\/ JUAN XXIII 19<\/li><li>REINA &amp; HIJOS CORREDUR\u00cdA DE SEGUROS \u2013 C\/ JOS\u00c9 MAR\u00cdA DE PEREDA 22<\/li><li>SABORES DE LI\u00c9BANA \u2013 C\/ VALLE DE CABU\u00c9RNIGA S\/N<\/li><li>STEFANO HOMBRE \u2013 C\/ VALLE DE LI\u00c9BANA 6<\/li><li>SUMINISTROS GARTE \u2013 AV. PALENCIA 3 BAJO<\/li><li>TALLER DE JOYERIA R. OBREG\u00d3N \u2013 C\/ M\u00c1RTIRES, 16<\/li><li>TALLERES TOMAS SAIZ \u2013 B\u00ba EL CEREZO 14<\/li><li>TOY PLANET \u2013 C\/ JOS\u00c9 MAR\u00cdA PEREDA 59<\/li><li>TRIBAL STILISTAS \u2013 PLZ. DE LOS VALLES 7A BJ.<\/li><li>TU DESCANSO \u2013 AV. DE BILBAO 16<\/li><li>VIAJES ARTIA \u2013 C\/ ANCHA 9<\/li><li>VIAJES CARREFOUR TORRELAVEGA \u2013 AV. BILBAO S\/N \u2013 CC. CARREFOUR<\/li><li>VINOTECA TORRE DE LA VEGA \u2013 C\/ JUAN JOS\u00c9 RUANO 1<\/li><\/ul>\t\t\t\t\t\t\t\t<\/div>\n\t\t\t\t<\/div>\n\t\t\t\t\t<\/div>\n\t\t<\/div>\n\t\t\t\t\t<\/div>\n\t\t<\/section>\n\t\t\t\t<\/div>\n\t\t","protected":false},"excerpt":{"rendered":"<p>Bases y establecimientos participantes de la campa\u00f1a \u00abTus compras&#8230; en Torrelavega\u00bb<\/p>\n","protected":false},"author":1,"featured_media":1114,"comment_status":"closed","ping_status":"open","sticky":false,"template":"","format":"standard","meta":{"neve_meta_sidebar":"","neve_meta_container":"","neve_meta_enable_content_width":"","neve_meta_content_width":0,"neve_meta_title_alignment":"","neve_meta_author_avatar":"","neve_post_elements_order":"[\"title\",\"content\",\"tags\"]","neve_meta_disable_header":"","neve_meta_disable_footer":"","neve_meta_disable_title":"","_jetpack_memberships_contains_paid_content":false,"footnotes":""},"categories":[5],"tags":[8],"class_list":["post-1105","post","type-post","status-publish","format-standard","has-post-thumbnail","hentry","category-campanas","tag-campanas"],"yoast_head":"<!-- This site is optimized with the Yoast SEO plugin v26.9 - https:\/\/yoast.com\/product\/yoast-seo-wordpress\/ -->\n<title>Tus Compras... en Torrelavega - COMVEGA<\/title>\n<meta name=\"robots\" content=\"index, follow, max-snippet:-1, max-image-preview:large, max-video-preview:-1\" \/>\n<link rel=\"canonical\" href=\"https:\/\/comerciodetorrelavega.com\/?p=1105\" \/>\n<meta property=\"og:locale\" content=\"es_ES\" \/>\n<meta property=\"og:type\" content=\"article\" \/>\n<meta property=\"og:title\" content=\"Tus Compras... en Torrelavega - COMVEGA\" \/>\n<meta property=\"og:description\" content=\"Bases y establecimientos participantes de la campa\u00f1a &quot;Tus compras... en Torrelavega&quot;\" \/>\n<meta property=\"og:url\" content=\"https:\/\/comerciodetorrelavega.com\/?p=1105\" \/>\n<meta property=\"og:site_name\" content=\"COMVEGA\" \/>\n<meta property=\"article:published_time\" content=\"2024-09-11T10:59:25+00:00\" \/>\n<meta property=\"article:modified_time\" content=\"2024-09-13T07:55:38+00:00\" \/>\n<meta property=\"og:image\" content=\"https:\/\/comerciodetorrelavega.com\/wp-content\/uploads\/2024\/09\/tuscompras2024web.jpg\" \/>\n\t<meta property=\"og:image:width\" content=\"1200\" \/>\n\t<meta property=\"og:image:height\" content=\"630\" \/>\n\t<meta property=\"og:image:type\" content=\"image\/jpeg\" \/>\n<meta name=\"author\" content=\"admin\" \/>\n<meta name=\"twitter:card\" content=\"summary_large_image\" \/>\n<meta name=\"twitter:label1\" content=\"Escrito por\" \/>\n\t<meta name=\"twitter:data1\" content=\"admin\" \/>\n\t<meta name=\"twitter:label2\" content=\"Tiempo de lectura\" \/>\n\t<meta name=\"twitter:data2\" content=\"6 minutos\" \/>\n<script type=\"application\/ld+json\" class=\"yoast-schema-graph\">{\"@context\":\"https:\/\/schema.org\",\"@graph\":[{\"@type\":\"Article\",\"@id\":\"https:\/\/comerciodetorrelavega.com\/?p=1105#article\",\"isPartOf\":{\"@id\":\"https:\/\/comerciodetorrelavega.com\/?p=1105\"},\"author\":{\"name\":\"admin\",\"@id\":\"https:\/\/comerciodetorrelavega.com\/#\/schema\/person\/61cd5085fbaeb92f292a6e8cae84f5d9\"},\"headline\":\"Tus Compras&#8230; en Torrelavega\",\"datePublished\":\"2024-09-11T10:59:25+00:00\",\"dateModified\":\"2024-09-13T07:55:38+00:00\",\"mainEntityOfPage\":{\"@id\":\"https:\/\/comerciodetorrelavega.com\/?p=1105\"},\"wordCount\":1308,\"publisher\":{\"@id\":\"https:\/\/comerciodetorrelavega.com\/#organization\"},\"image\":{\"@id\":\"https:\/\/comerciodetorrelavega.com\/?p=1105#primaryimage\"},\"thumbnailUrl\":\"https:\/\/comerciodetorrelavega.com\/wp-content\/uploads\/2024\/09\/tuscompras2024web.jpg\",\"keywords\":[\"campa\u00f1as\"],\"articleSection\":[\"campa\u00f1as\"],\"inLanguage\":\"es\"},{\"@type\":\"WebPage\",\"@id\":\"https:\/\/comerciodetorrelavega.com\/?p=1105\",\"url\":\"https:\/\/comerciodetorrelavega.com\/?p=1105\",\"name\":\"Tus Compras... en Torrelavega - COMVEGA\",\"isPartOf\":{\"@id\":\"https:\/\/comerciodetorrelavega.com\/#website\"},\"primaryImageOfPage\":{\"@id\":\"https:\/\/comerciodetorrelavega.com\/?p=1105#primaryimage\"},\"image\":{\"@id\":\"https:\/\/comerciodetorrelavega.com\/?p=1105#primaryimage\"},\"thumbnailUrl\":\"https:\/\/comerciodetorrelavega.com\/wp-content\/uploads\/2024\/09\/tuscompras2024web.jpg\",\"datePublished\":\"2024-09-11T10:59:25+00:00\",\"dateModified\":\"2024-09-13T07:55:38+00:00\",\"breadcrumb\":{\"@id\":\"https:\/\/comerciodetorrelavega.com\/?p=1105#breadcrumb\"},\"inLanguage\":\"es\",\"potentialAction\":[{\"@type\":\"ReadAction\",\"target\":[\"https:\/\/comerciodetorrelavega.com\/?p=1105\"]}]},{\"@type\":\"ImageObject\",\"inLanguage\":\"es\",\"@id\":\"https:\/\/comerciodetorrelavega.com\/?p=1105#primaryimage\",\"url\":\"https:\/\/comerciodetorrelavega.com\/wp-content\/uploads\/2024\/09\/tuscompras2024web.jpg\",\"contentUrl\":\"https:\/\/comerciodetorrelavega.com\/wp-content\/uploads\/2024\/09\/tuscompras2024web.jpg\",\"width\":1200,\"height\":630,\"caption\":\"Tus compras en Torrelavega\"},{\"@type\":\"BreadcrumbList\",\"@id\":\"https:\/\/comerciodetorrelavega.com\/?p=1105#breadcrumb\",\"itemListElement\":[{\"@type\":\"ListItem\",\"position\":1,\"name\":\"Home\",\"item\":\"https:\/\/comerciodetorrelavega.com\/\"},{\"@type\":\"ListItem\",\"position\":2,\"name\":\"Tus Compras&#8230; en Torrelavega\"}]},{\"@type\":\"WebSite\",\"@id\":\"https:\/\/comerciodetorrelavega.com\/#website\",\"url\":\"https:\/\/comerciodetorrelavega.com\/\",\"name\":\"COMVEGA\",\"description\":\"Asociaci\u00f3n de Comerciantes de Torrelavega\",\"publisher\":{\"@id\":\"https:\/\/comerciodetorrelavega.com\/#organization\"},\"potentialAction\":[{\"@type\":\"SearchAction\",\"target\":{\"@type\":\"EntryPoint\",\"urlTemplate\":\"https:\/\/comerciodetorrelavega.com\/?s={search_term_string}\"},\"query-input\":{\"@type\":\"PropertyValueSpecification\",\"valueRequired\":true,\"valueName\":\"search_term_string\"}}],\"inLanguage\":\"es\"},{\"@type\":\"Organization\",\"@id\":\"https:\/\/comerciodetorrelavega.com\/#organization\",\"name\":\"COMVEGA\",\"url\":\"https:\/\/comerciodetorrelavega.com\/\",\"logo\":{\"@type\":\"ImageObject\",\"inLanguage\":\"es\",\"@id\":\"https:\/\/comerciodetorrelavega.com\/#\/schema\/logo\/image\/\",\"url\":\"https:\/\/comerciodetorrelavega.com\/wp-content\/uploads\/2020\/05\/cropped-logoComvega.png\",\"contentUrl\":\"https:\/\/comerciodetorrelavega.com\/wp-content\/uploads\/2020\/05\/cropped-logoComvega.png\",\"width\":764,\"height\":512,\"caption\":\"COMVEGA\"},\"image\":{\"@id\":\"https:\/\/comerciodetorrelavega.com\/#\/schema\/logo\/image\/\"}},{\"@type\":\"Person\",\"@id\":\"https:\/\/comerciodetorrelavega.com\/#\/schema\/person\/61cd5085fbaeb92f292a6e8cae84f5d9\",\"name\":\"admin\",\"image\":{\"@type\":\"ImageObject\",\"inLanguage\":\"es\",\"@id\":\"https:\/\/comerciodetorrelavega.com\/#\/schema\/person\/image\/\",\"url\":\"https:\/\/secure.gravatar.com\/avatar\/4f3e38cb5c6a928b268c41894e04a68426a734989abc872b102a57a4c036d79f?s=96&d=mm&r=g\",\"contentUrl\":\"https:\/\/secure.gravatar.com\/avatar\/4f3e38cb5c6a928b268c41894e04a68426a734989abc872b102a57a4c036d79f?s=96&d=mm&r=g\",\"caption\":\"admin\"},\"sameAs\":[\"https:\/\/comerciodetorrelavega.com\"],\"url\":\"https:\/\/comerciodetorrelavega.com\/?author=1\"}]}<\/script>\n<!-- \/ Yoast SEO plugin. -->","yoast_head_json":{"title":"Tus Compras... en Torrelavega - COMVEGA","robots":{"index":"index","follow":"follow","max-snippet":"max-snippet:-1","max-image-preview":"max-image-preview:large","max-video-preview":"max-video-preview:-1"},"canonical":"https:\/\/comerciodetorrelavega.com\/?p=1105","og_locale":"es_ES","og_type":"article","og_title":"Tus Compras... en Torrelavega - COMVEGA","og_description":"Bases y establecimientos participantes de la campa\u00f1a \"Tus compras... en Torrelavega\"","og_url":"https:\/\/comerciodetorrelavega.com\/?p=1105","og_site_name":"COMVEGA","article_published_time":"2024-09-11T10:59:25+00:00","article_modified_time":"2024-09-13T07:55:38+00:00","og_image":[{"width":1200,"height":630,"url":"https:\/\/comerciodetorrelavega.com\/wp-content\/uploads\/2024\/09\/tuscompras2024web.jpg","type":"image\/jpeg"}],"author":"admin","twitter_card":"summary_large_image","twitter_misc":{"Escrito por":"admin","Tiempo de lectura":"6 minutos"},"schema":{"@context":"https:\/\/schema.org","@graph":[{"@type":"Article","@id":"https:\/\/comerciodetorrelavega.com\/?p=1105#article","isPartOf":{"@id":"https:\/\/comerciodetorrelavega.com\/?p=1105"},"author":{"name":"admin","@id":"https:\/\/comerciodetorrelavega.com\/#\/schema\/person\/61cd5085fbaeb92f292a6e8cae84f5d9"},"headline":"Tus Compras&#8230; en Torrelavega","datePublished":"2024-09-11T10:59:25+00:00","dateModified":"2024-09-13T07:55:38+00:00","mainEntityOfPage":{"@id":"https:\/\/comerciodetorrelavega.com\/?p=1105"},"wordCount":1308,"publisher":{"@id":"https:\/\/comerciodetorrelavega.com\/#organization"},"image":{"@id":"https:\/\/comerciodetorrelavega.com\/?p=1105#primaryimage"},"thumbnailUrl":"https:\/\/comerciodetorrelavega.com\/wp-content\/uploads\/2024\/09\/tuscompras2024web.jpg","keywords":["campa\u00f1as"],"articleSection":["campa\u00f1as"],"inLanguage":"es"},{"@type":"WebPage","@id":"https:\/\/comerciodetorrelavega.com\/?p=1105","url":"https:\/\/comerciodetorrelavega.com\/?p=1105","name":"Tus Compras... en Torrelavega - COMVEGA","isPartOf":{"@id":"https:\/\/comerciodetorrelavega.com\/#website"},"primaryImageOfPage":{"@id":"https:\/\/comerciodetorrelavega.com\/?p=1105#primaryimage"},"image":{"@id":"https:\/\/comerciodetorrelavega.com\/?p=1105#primaryimage"},"thumbnailUrl":"https:\/\/comerciodetorrelavega.com\/wp-content\/uploads\/2024\/09\/tuscompras2024web.jpg","datePublished":"2024-09-11T10:59:25+00:00","dateModified":"2024-09-13T07:55:38+00:00","breadcrumb":{"@id":"https:\/\/comerciodetorrelavega.com\/?p=1105#breadcrumb"},"inLanguage":"es","potentialAction":[{"@type":"ReadAction","target":["https:\/\/comerciodetorrelavega.com\/?p=1105"]}]},{"@type":"ImageObject","inLanguage":"es","@id":"https:\/\/comerciodetorrelavega.com\/?p=1105#primaryimage","url":"https:\/\/comerciodetorrelavega.com\/wp-content\/uploads\/2024\/09\/tuscompras2024web.jpg","contentUrl":"https:\/\/comerciodetorrelavega.com\/wp-content\/uploads\/2024\/09\/tuscompras2024web.jpg","width":1200,"height":630,"caption":"Tus compras en Torrelavega"},{"@type":"BreadcrumbList","@id":"https:\/\/comerciodetorrelavega.com\/?p=1105#breadcrumb","itemListElement":[{"@type":"ListItem","position":1,"name":"Home","item":"https:\/\/comerciodetorrelavega.com\/"},{"@type":"ListItem","position":2,"name":"Tus Compras&#8230; en Torrelavega"}]},{"@type":"WebSite","@id":"https:\/\/comerciodetorrelavega.com\/#website","url":"https:\/\/comerciodetorrelavega.com\/","name":"COMVEGA","description":"Asociaci\u00f3n de Comerciantes de Torrelavega","publisher":{"@id":"https:\/\/comerciodetorrelavega.com\/#organization"},"potentialAction":[{"@type":"SearchAction","target":{"@type":"EntryPoint","urlTemplate":"https:\/\/comerciodetorrelavega.com\/?s={search_term_string}"},"query-input":{"@type":"PropertyValueSpecification","valueRequired":true,"valueName":"search_term_string"}}],"inLanguage":"es"},{"@type":"Organization","@id":"https:\/\/comerciodetorrelavega.com\/#organization","name":"COMVEGA","url":"https:\/\/comerciodetorrelavega.com\/","logo":{"@type":"ImageObject","inLanguage":"es","@id":"https:\/\/comerciodetorrelavega.com\/#\/schema\/logo\/image\/","url":"https:\/\/comerciodetorrelavega.com\/wp-content\/uploads\/2020\/05\/cropped-logoComvega.png","contentUrl":"https:\/\/comerciodetorrelavega.com\/wp-content\/uploads\/2020\/05\/cropped-logoComvega.png","width":764,"height":512,"caption":"COMVEGA"},"image":{"@id":"https:\/\/comerciodetorrelavega.com\/#\/schema\/logo\/image\/"}},{"@type":"Person","@id":"https:\/\/comerciodetorrelavega.com\/#\/schema\/person\/61cd5085fbaeb92f292a6e8cae84f5d9","name":"admin","image":{"@type":"ImageObject","inLanguage":"es","@id":"https:\/\/comerciodetorrelavega.com\/#\/schema\/person\/image\/","url":"https:\/\/secure.gravatar.com\/avatar\/4f3e38cb5c6a928b268c41894e04a68426a734989abc872b102a57a4c036d79f?s=96&d=mm&r=g","contentUrl":"https:\/\/secure.gravatar.com\/avatar\/4f3e38cb5c6a928b268c41894e04a68426a734989abc872b102a57a4c036d79f?s=96&d=mm&r=g","caption":"admin"},"sameAs":["https:\/\/comerciodetorrelavega.com"],"url":"https:\/\/comerciodetorrelavega.com\/?author=1"}]}},"jetpack_featured_media_url":"https:\/\/comerciodetorrelavega.com\/wp-content\/uploads\/2024\/09\/tuscompras2024web.jpg","jetpack_sharing_enabled":true,"_links":{"self":[{"href":"https:\/\/comerciodetorrelavega.com\/index.php?rest_route=\/wp\/v2\/posts\/1105","targetHints":{"allow":["GET"]}}],"collection":[{"href":"https:\/\/comerciodetorrelavega.com\/index.php?rest_route=\/wp\/v2\/posts"}],"about":[{"href":"https:\/\/comerciodetorrelavega.com\/index.php?rest_route=\/wp\/v2\/types\/post"}],"author":[{"embeddable":true,"href":"https:\/\/comerciodetorrelavega.com\/index.php?rest_route=\/wp\/v2\/users\/1"}],"replies":[{"embeddable":true,"href":"https:\/\/comerciodetorrelavega.com\/index.php?rest_route=%2Fwp%2Fv2%2Fcomments&post=1105"}],"version-history":[{"count":47,"href":"https:\/\/comerciodetorrelavega.com\/index.php?rest_route=\/wp\/v2\/posts\/1105\/revisions"}],"predecessor-version":[{"id":1253,"href":"https:\/\/comerciodetorrelavega.com\/index.php?rest_route=\/wp\/v2\/posts\/1105\/revisions\/1253"}],"wp:featuredmedia":[{"embeddable":true,"href":"https:\/\/comerciodetorrelavega.com\/index.php?rest_route=\/wp\/v2\/media\/1114"}],"wp:attachment":[{"href":"https:\/\/comerciodetorrelavega.com\/index.php?rest_route=%2Fwp%2Fv2%2Fmedia&parent=1105"}],"wp:term":[{"taxonomy":"category","embeddable":true,"href":"https:\/\/comerciodetorrelavega.com\/index.php?rest_route=%2Fwp%2Fv2%2Fcategories&post=1105"},{"taxonomy":"post_tag","embeddable":true,"href":"https:\/\/comerciodetorrelavega.com\/index.php?rest_route=%2Fwp%2Fv2%2Ftags&post=1105"}],"curies":[{"name":"wp","href":"https:\/\/api.w.org\/{rel}","templated":true}]}}