{"id":1124,"date":"2024-09-11T10:09:15","date_gmt":"2024-09-11T10:09:15","guid":{"rendered":"https:\/\/comerciodetorrelavega.com\/?p=1124"},"modified":"2024-09-11T10:39:15","modified_gmt":"2024-09-11T10:39:15","slug":"comvega-inicia-su-campana-tus-compras-en-torrelavega","status":"publish","type":"post","link":"https:\/\/comerciodetorrelavega.com\/?p=1124","title":{"rendered":"COMVEGA inicia su campa\u00f1a \u00abTus compras&#8230; en Torrelavega\u00bb"},"content":{"rendered":"\t\t<div data-elementor-type=\"wp-post\" data-elementor-id=\"1124\" class=\"elementor elementor-1124\">\n\t\t\t\t\t\t<section class=\"elementor-section elementor-top-section elementor-element elementor-element-0797a75 elementor-section-boxed elementor-section-height-default elementor-section-height-default\" data-id=\"0797a75\" data-element_type=\"section\" data-e-type=\"section\">\n\t\t\t\t\t\t<div class=\"elementor-container elementor-column-gap-default\">\n\t\t\t\t\t<div class=\"elementor-column elementor-col-100 elementor-top-column elementor-element elementor-element-d14b11f\" data-id=\"d14b11f\" data-element_type=\"column\" data-e-type=\"column\">\n\t\t\t<div class=\"elementor-widget-wrap elementor-element-populated\">\n\t\t\t\t\t\t<div class=\"elementor-element elementor-element-a867bb1 elementor-widget elementor-widget-heading\" data-id=\"a867bb1\" data-element_type=\"widget\" data-e-type=\"widget\" data-widget_type=\"heading.default\">\n\t\t\t\t<div class=\"elementor-widget-container\">\n\t\t\t\t\t<h3 class=\"elementor-heading-title elementor-size-default\">Esta nueva edici\u00f3n de la exitosa iniciativa repartir\u00e1 2.000\u20ac en premios entre los clientes de los establecimientos participantes.<\/h3>\t\t\t\t<\/div>\n\t\t\t\t<\/div>\n\t\t\t\t<div class=\"elementor-element elementor-element-229c350 elementor-widget elementor-widget-image\" data-id=\"229c350\" data-element_type=\"widget\" data-e-type=\"widget\" data-widget_type=\"image.default\">\n\t\t\t\t<div class=\"elementor-widget-container\">\n\t\t\t\t\t\t\t\t\t\t\t\t\t\t\t<img fetchpriority=\"high\" decoding=\"async\" width=\"1024\" height=\"577\" src=\"https:\/\/comerciodetorrelavega.com\/wp-content\/uploads\/2024\/09\/TusCompras2024-1024x577.jpg\" class=\"attachment-large size-large wp-image-1129\" alt=\"Presentaci\u00f3n Tus Compras... en Torrelavega\" srcset=\"https:\/\/comerciodetorrelavega.com\/wp-content\/uploads\/2024\/09\/TusCompras2024-1024x577.jpg 1024w, https:\/\/comerciodetorrelavega.com\/wp-content\/uploads\/2024\/09\/TusCompras2024-300x169.jpg 300w, https:\/\/comerciodetorrelavega.com\/wp-content\/uploads\/2024\/09\/TusCompras2024-768x432.jpg 768w, https:\/\/comerciodetorrelavega.com\/wp-content\/uploads\/2024\/09\/TusCompras2024-1536x865.jpg 1536w, https:\/\/comerciodetorrelavega.com\/wp-content\/uploads\/2024\/09\/TusCompras2024.jpg 2048w\" sizes=\"(max-width: 1024px) 100vw, 1024px\" \/>\t\t\t\t\t\t\t\t\t\t\t\t\t\t\t<\/div>\n\t\t\t\t<\/div>\n\t\t\t\t\t<\/div>\n\t\t<\/div>\n\t\t\t\t\t<\/div>\n\t\t<\/section>\n\t\t\t\t<section class=\"elementor-section elementor-top-section elementor-element elementor-element-687d4d0 elementor-section-boxed elementor-section-height-default elementor-section-height-default\" data-id=\"687d4d0\" data-element_type=\"section\" data-e-type=\"section\">\n\t\t\t\t\t\t<div class=\"elementor-container elementor-column-gap-default\">\n\t\t\t\t\t<div class=\"elementor-column elementor-col-100 elementor-top-column elementor-element elementor-element-026cd79\" data-id=\"026cd79\" data-element_type=\"column\" data-e-type=\"column\">\n\t\t\t<div class=\"elementor-widget-wrap elementor-element-populated\">\n\t\t\t\t\t\t<div class=\"elementor-element elementor-element-63f6f1e elementor-widget elementor-widget-text-editor\" data-id=\"63f6f1e\" data-element_type=\"widget\" data-e-type=\"widget\" data-widget_type=\"text-editor.default\">\n\t\t\t\t<div class=\"elementor-widget-container\">\n\t\t\t\t\t\t\t\t\t<p>La Asociaci\u00f3n de Comerciantes de Torrelavega \u2013 COMVEGA ha presentado una nueva edici\u00f3n de su campa\u00f1a \u201cTus compras\u2026 en Torrelavega\u201d, en un acto celebrado en la C\u00e1mara de Comercio de la ciudad en el que han participado la concejal de Comercio del Ayuntamiento de Torrelavega, Cristina Garc\u00eda, el director general de Comercio y Consumo del Gobierno de Cantabria, Rosendo Ruiz, el presidente de la COMVEGA, Salvador Vicente, y el secretario general de COERCAN, Gonzalo Cay\u00f3n.<\/p><p>Durante la campa\u00f1a, los clientes que se realicen sus compras en los cerca de un centenar de establecimientos participantes del 12 al 24 de septiembre recibir\u00e1n una papeleta por cada 5 euros de compra, que deber\u00e1n depositar en el mismo establecimiento. El 25 de septiembre se realizar\u00e1 el sorteo de los cuatro premios, cada uno consistente en un vale de compra de 500 euros para gastar en los establecimientos participantes durante el 27 de septiembre.<\/p><p>Durante su intervenci\u00f3n, Cristina Garc\u00eda calific\u00f3 esta campa\u00f1a como \u201cuna de las m\u00e1s importantes que se realizan en Torrelavega\u201d debido a atractivo de los premios y la considerable participaci\u00f3n de comercios y p\u00fablico. Por su parte, Rosendo Ruiz ha destacado el importante trabajo que realizan las asociaciones en defensa del sector, y ha felicitado a COMVEGA por esta importante iniciativa.<\/p><p>El presidente de COMVEGA Salvador Vicente, despu\u00e9s de explicar el contenido de la campa\u00f1a, ha puesto en valor la colaboraci\u00f3n permanente que existe entre la asociaci\u00f3n, el Ayuntamiento de Torrelavega, la Direcci\u00f3n General de Comercio del Gobierno de Cantabria, la C\u00e1mara de Comercio y la Federaci\u00f3n del Comercio de Cantabria \u2013 COERCAN, que posibilita la realizaci\u00f3n exitosa de este tipo de campa\u00f1as destinadas a fomentar la compra en el comercio local.<\/p><p>Por \u00faltimo, Gonzalo Cay\u00f3n agradeci\u00f3 el esfuerzo y las m\u00faltiples actividades realizadas por COMVEGA, con especial hincapi\u00e9 en el trabajo de su junta directiva y el compromiso de sus asociados, que a trav\u00e9s de sus peque\u00f1as cuotas, junto a la colaboraci\u00f3n de la Consejer\u00eda de Comercio, hacen posible este tipo de iniciativas.<\/p>\t\t\t\t\t\t\t\t<\/div>\n\t\t\t\t<\/div>\n\t\t\t\t\t<\/div>\n\t\t<\/div>\n\t\t\t\t\t<\/div>\n\t\t<\/section>\n\t\t\t\t<\/div>\n\t\t","protected":false},"excerpt":{"rendered":"<p>Esta nueva edici\u00f3n de la exitosa iniciativa repartir\u00e1 2.000\u20ac en premios entre los clientes de los establecimientos participantes. La Asociaci\u00f3n de Comerciantes de Torrelavega \u2013 COMVEGA ha presentado una nueva edici\u00f3n de su campa\u00f1a \u201cTus compras\u2026 en Torrelavega\u201d, en un acto celebrado en la C\u00e1mara de Comercio de la ciudad en el que han participado&hellip;&nbsp;<a href=\"https:\/\/comerciodetorrelavega.com\/?p=1124\" rel=\"bookmark\">Leer m\u00e1s &raquo;<span class=\"screen-reader-text\">COMVEGA inicia su campa\u00f1a \u00abTus compras&#8230; en Torrelavega\u00bb<\/span><\/a><\/p>\n","protected":false},"author":1,"featured_media":1129,"comment_status":"closed","ping_status":"open","sticky":false,"template":"","format":"standard","meta":{"neve_meta_sidebar":"","neve_meta_container":"","neve_meta_enable_content_width":"","neve_meta_content_width":0,"neve_meta_title_alignment":"","neve_meta_author_avatar":"","neve_post_elements_order":"[\"title\",\"content\",\"tags\"]","neve_meta_disable_header":"","neve_meta_disable_footer":"","neve_meta_disable_title":"","_jetpack_memberships_contains_paid_content":false,"footnotes":""},"categories":[5,6],"tags":[],"class_list":["post-1124","post","type-post","status-publish","format-standard","has-post-thumbnail","hentry","category-campanas","category-noticias"],"yoast_head":"<!-- This site is optimized with the Yoast SEO plugin v26.9 - https:\/\/yoast.com\/product\/yoast-seo-wordpress\/ -->\n<title>COMVEGA inicia su campa\u00f1a &quot;Tus compras... en Torrelavega&quot; - COMVEGA<\/title>\n<meta name=\"robots\" content=\"index, follow, max-snippet:-1, max-image-preview:large, max-video-preview:-1\" \/>\n<link rel=\"canonical\" href=\"https:\/\/comerciodetorrelavega.com\/?p=1124\" \/>\n<meta property=\"og:locale\" content=\"es_ES\" \/>\n<meta property=\"og:type\" content=\"article\" \/>\n<meta property=\"og:title\" content=\"COMVEGA inicia su campa\u00f1a &quot;Tus compras... en Torrelavega&quot; - COMVEGA\" \/>\n<meta property=\"og:description\" content=\"Esta nueva edici\u00f3n de la exitosa iniciativa repartir\u00e1 2.000\u20ac en premios entre los clientes de los establecimientos participantes. La Asociaci\u00f3n de Comerciantes de Torrelavega \u2013 COMVEGA ha presentado una nueva edici\u00f3n de su campa\u00f1a \u201cTus compras\u2026 en Torrelavega\u201d, en un acto celebrado en la C\u00e1mara de Comercio de la ciudad en el que han participado&hellip;&nbsp;Leer m\u00e1s &raquo;COMVEGA inicia su campa\u00f1a \u00abTus compras&#8230; en Torrelavega\u00bb\" \/>\n<meta property=\"og:url\" content=\"https:\/\/comerciodetorrelavega.com\/?p=1124\" \/>\n<meta property=\"og:site_name\" content=\"COMVEGA\" \/>\n<meta property=\"article:published_time\" content=\"2024-09-11T10:09:15+00:00\" \/>\n<meta property=\"article:modified_time\" content=\"2024-09-11T10:39:15+00:00\" \/>\n<meta property=\"og:image\" content=\"https:\/\/comerciodetorrelavega.com\/wp-content\/uploads\/2024\/09\/TusCompras2024.jpg\" \/>\n\t<meta property=\"og:image:width\" content=\"2048\" \/>\n\t<meta property=\"og:image:height\" content=\"1153\" \/>\n\t<meta property=\"og:image:type\" content=\"image\/jpeg\" \/>\n<meta name=\"author\" content=\"admin\" \/>\n<meta name=\"twitter:card\" content=\"summary_large_image\" \/>\n<meta name=\"twitter:label1\" content=\"Escrito por\" \/>\n\t<meta name=\"twitter:data1\" content=\"admin\" \/>\n\t<meta name=\"twitter:label2\" content=\"Tiempo de lectura\" \/>\n\t<meta name=\"twitter:data2\" content=\"3 minutos\" \/>\n<script type=\"application\/ld+json\" class=\"yoast-schema-graph\">{\"@context\":\"https:\/\/schema.org\",\"@graph\":[{\"@type\":\"Article\",\"@id\":\"https:\/\/comerciodetorrelavega.com\/?p=1124#article\",\"isPartOf\":{\"@id\":\"https:\/\/comerciodetorrelavega.com\/?p=1124\"},\"author\":{\"name\":\"admin\",\"@id\":\"https:\/\/comerciodetorrelavega.com\/#\/schema\/person\/61cd5085fbaeb92f292a6e8cae84f5d9\"},\"headline\":\"COMVEGA inicia su campa\u00f1a \u00abTus compras&#8230; en Torrelavega\u00bb\",\"datePublished\":\"2024-09-11T10:09:15+00:00\",\"dateModified\":\"2024-09-11T10:39:15+00:00\",\"mainEntityOfPage\":{\"@id\":\"https:\/\/comerciodetorrelavega.com\/?p=1124\"},\"wordCount\":382,\"publisher\":{\"@id\":\"https:\/\/comerciodetorrelavega.com\/#organization\"},\"image\":{\"@id\":\"https:\/\/comerciodetorrelavega.com\/?p=1124#primaryimage\"},\"thumbnailUrl\":\"https:\/\/comerciodetorrelavega.com\/wp-content\/uploads\/2024\/09\/TusCompras2024.jpg\",\"articleSection\":[\"campa\u00f1as\",\"Noticias\"],\"inLanguage\":\"es\"},{\"@type\":\"WebPage\",\"@id\":\"https:\/\/comerciodetorrelavega.com\/?p=1124\",\"url\":\"https:\/\/comerciodetorrelavega.com\/?p=1124\",\"name\":\"COMVEGA inicia su campa\u00f1a \\\"Tus compras... en Torrelavega\\\" - COMVEGA\",\"isPartOf\":{\"@id\":\"https:\/\/comerciodetorrelavega.com\/#website\"},\"primaryImageOfPage\":{\"@id\":\"https:\/\/comerciodetorrelavega.com\/?p=1124#primaryimage\"},\"image\":{\"@id\":\"https:\/\/comerciodetorrelavega.com\/?p=1124#primaryimage\"},\"thumbnailUrl\":\"https:\/\/comerciodetorrelavega.com\/wp-content\/uploads\/2024\/09\/TusCompras2024.jpg\",\"datePublished\":\"2024-09-11T10:09:15+00:00\",\"dateModified\":\"2024-09-11T10:39:15+00:00\",\"breadcrumb\":{\"@id\":\"https:\/\/comerciodetorrelavega.com\/?p=1124#breadcrumb\"},\"inLanguage\":\"es\",\"potentialAction\":[{\"@type\":\"ReadAction\",\"target\":[\"https:\/\/comerciodetorrelavega.com\/?p=1124\"]}]},{\"@type\":\"ImageObject\",\"inLanguage\":\"es\",\"@id\":\"https:\/\/comerciodetorrelavega.com\/?p=1124#primaryimage\",\"url\":\"https:\/\/comerciodetorrelavega.com\/wp-content\/uploads\/2024\/09\/TusCompras2024.jpg\",\"contentUrl\":\"https:\/\/comerciodetorrelavega.com\/wp-content\/uploads\/2024\/09\/TusCompras2024.jpg\",\"width\":2048,\"height\":1153,\"caption\":\"Presentaci\u00f3n Tus Compras... en Torrelavega\"},{\"@type\":\"BreadcrumbList\",\"@id\":\"https:\/\/comerciodetorrelavega.com\/?p=1124#breadcrumb\",\"itemListElement\":[{\"@type\":\"ListItem\",\"position\":1,\"name\":\"Home\",\"item\":\"https:\/\/comerciodetorrelavega.com\/\"},{\"@type\":\"ListItem\",\"position\":2,\"name\":\"COMVEGA inicia su campa\u00f1a \u00abTus compras&#8230; en Torrelavega\u00bb\"}]},{\"@type\":\"WebSite\",\"@id\":\"https:\/\/comerciodetorrelavega.com\/#website\",\"url\":\"https:\/\/comerciodetorrelavega.com\/\",\"name\":\"COMVEGA\",\"description\":\"Asociaci\u00f3n de Comerciantes de Torrelavega\",\"publisher\":{\"@id\":\"https:\/\/comerciodetorrelavega.com\/#organization\"},\"potentialAction\":[{\"@type\":\"SearchAction\",\"target\":{\"@type\":\"EntryPoint\",\"urlTemplate\":\"https:\/\/comerciodetorrelavega.com\/?s={search_term_string}\"},\"query-input\":{\"@type\":\"PropertyValueSpecification\",\"valueRequired\":true,\"valueName\":\"search_term_string\"}}],\"inLanguage\":\"es\"},{\"@type\":\"Organization\",\"@id\":\"https:\/\/comerciodetorrelavega.com\/#organization\",\"name\":\"COMVEGA\",\"url\":\"https:\/\/comerciodetorrelavega.com\/\",\"logo\":{\"@type\":\"ImageObject\",\"inLanguage\":\"es\",\"@id\":\"https:\/\/comerciodetorrelavega.com\/#\/schema\/logo\/image\/\",\"url\":\"https:\/\/comerciodetorrelavega.com\/wp-content\/uploads\/2020\/05\/cropped-logoComvega.png\",\"contentUrl\":\"https:\/\/comerciodetorrelavega.com\/wp-content\/uploads\/2020\/05\/cropped-logoComvega.png\",\"width\":764,\"height\":512,\"caption\":\"COMVEGA\"},\"image\":{\"@id\":\"https:\/\/comerciodetorrelavega.com\/#\/schema\/logo\/image\/\"}},{\"@type\":\"Person\",\"@id\":\"https:\/\/comerciodetorrelavega.com\/#\/schema\/person\/61cd5085fbaeb92f292a6e8cae84f5d9\",\"name\":\"admin\",\"image\":{\"@type\":\"ImageObject\",\"inLanguage\":\"es\",\"@id\":\"https:\/\/comerciodetorrelavega.com\/#\/schema\/person\/image\/\",\"url\":\"https:\/\/secure.gravatar.com\/avatar\/4f3e38cb5c6a928b268c41894e04a68426a734989abc872b102a57a4c036d79f?s=96&d=mm&r=g\",\"contentUrl\":\"https:\/\/secure.gravatar.com\/avatar\/4f3e38cb5c6a928b268c41894e04a68426a734989abc872b102a57a4c036d79f?s=96&d=mm&r=g\",\"caption\":\"admin\"},\"sameAs\":[\"https:\/\/comerciodetorrelavega.com\"],\"url\":\"https:\/\/comerciodetorrelavega.com\/?author=1\"}]}<\/script>\n<!-- \/ Yoast SEO plugin. -->","yoast_head_json":{"title":"COMVEGA inicia su campa\u00f1a \"Tus compras... en Torrelavega\" - COMVEGA","robots":{"index":"index","follow":"follow","max-snippet":"max-snippet:-1","max-image-preview":"max-image-preview:large","max-video-preview":"max-video-preview:-1"},"canonical":"https:\/\/comerciodetorrelavega.com\/?p=1124","og_locale":"es_ES","og_type":"article","og_title":"COMVEGA inicia su campa\u00f1a \"Tus compras... en Torrelavega\" - COMVEGA","og_description":"Esta nueva edici\u00f3n de la exitosa iniciativa repartir\u00e1 2.000\u20ac en premios entre los clientes de los establecimientos participantes. La Asociaci\u00f3n de Comerciantes de Torrelavega \u2013 COMVEGA ha presentado una nueva edici\u00f3n de su campa\u00f1a \u201cTus compras\u2026 en Torrelavega\u201d, en un acto celebrado en la C\u00e1mara de Comercio de la ciudad en el que han participado&hellip;&nbsp;Leer m\u00e1s &raquo;COMVEGA inicia su campa\u00f1a \u00abTus compras&#8230; en Torrelavega\u00bb","og_url":"https:\/\/comerciodetorrelavega.com\/?p=1124","og_site_name":"COMVEGA","article_published_time":"2024-09-11T10:09:15+00:00","article_modified_time":"2024-09-11T10:39:15+00:00","og_image":[{"width":2048,"height":1153,"url":"https:\/\/comerciodetorrelavega.com\/wp-content\/uploads\/2024\/09\/TusCompras2024.jpg","type":"image\/jpeg"}],"author":"admin","twitter_card":"summary_large_image","twitter_misc":{"Escrito por":"admin","Tiempo de lectura":"3 minutos"},"schema":{"@context":"https:\/\/schema.org","@graph":[{"@type":"Article","@id":"https:\/\/comerciodetorrelavega.com\/?p=1124#article","isPartOf":{"@id":"https:\/\/comerciodetorrelavega.com\/?p=1124"},"author":{"name":"admin","@id":"https:\/\/comerciodetorrelavega.com\/#\/schema\/person\/61cd5085fbaeb92f292a6e8cae84f5d9"},"headline":"COMVEGA inicia su campa\u00f1a \u00abTus compras&#8230; en Torrelavega\u00bb","datePublished":"2024-09-11T10:09:15+00:00","dateModified":"2024-09-11T10:39:15+00:00","mainEntityOfPage":{"@id":"https:\/\/comerciodetorrelavega.com\/?p=1124"},"wordCount":382,"publisher":{"@id":"https:\/\/comerciodetorrelavega.com\/#organization"},"image":{"@id":"https:\/\/comerciodetorrelavega.com\/?p=1124#primaryimage"},"thumbnailUrl":"https:\/\/comerciodetorrelavega.com\/wp-content\/uploads\/2024\/09\/TusCompras2024.jpg","articleSection":["campa\u00f1as","Noticias"],"inLanguage":"es"},{"@type":"WebPage","@id":"https:\/\/comerciodetorrelavega.com\/?p=1124","url":"https:\/\/comerciodetorrelavega.com\/?p=1124","name":"COMVEGA inicia su campa\u00f1a \"Tus compras... en Torrelavega\" - COMVEGA","isPartOf":{"@id":"https:\/\/comerciodetorrelavega.com\/#website"},"primaryImageOfPage":{"@id":"https:\/\/comerciodetorrelavega.com\/?p=1124#primaryimage"},"image":{"@id":"https:\/\/comerciodetorrelavega.com\/?p=1124#primaryimage"},"thumbnailUrl":"https:\/\/comerciodetorrelavega.com\/wp-content\/uploads\/2024\/09\/TusCompras2024.jpg","datePublished":"2024-09-11T10:09:15+00:00","dateModified":"2024-09-11T10:39:15+00:00","breadcrumb":{"@id":"https:\/\/comerciodetorrelavega.com\/?p=1124#breadcrumb"},"inLanguage":"es","potentialAction":[{"@type":"ReadAction","target":["https:\/\/comerciodetorrelavega.com\/?p=1124"]}]},{"@type":"ImageObject","inLanguage":"es","@id":"https:\/\/comerciodetorrelavega.com\/?p=1124#primaryimage","url":"https:\/\/comerciodetorrelavega.com\/wp-content\/uploads\/2024\/09\/TusCompras2024.jpg","contentUrl":"https:\/\/comerciodetorrelavega.com\/wp-content\/uploads\/2024\/09\/TusCompras2024.jpg","width":2048,"height":1153,"caption":"Presentaci\u00f3n Tus Compras... en Torrelavega"},{"@type":"BreadcrumbList","@id":"https:\/\/comerciodetorrelavega.com\/?p=1124#breadcrumb","itemListElement":[{"@type":"ListItem","position":1,"name":"Home","item":"https:\/\/comerciodetorrelavega.com\/"},{"@type":"ListItem","position":2,"name":"COMVEGA inicia su campa\u00f1a \u00abTus compras&#8230; en Torrelavega\u00bb"}]},{"@type":"WebSite","@id":"https:\/\/comerciodetorrelavega.com\/#website","url":"https:\/\/comerciodetorrelavega.com\/","name":"COMVEGA","description":"Asociaci\u00f3n de Comerciantes de Torrelavega","publisher":{"@id":"https:\/\/comerciodetorrelavega.com\/#organization"},"potentialAction":[{"@type":"SearchAction","target":{"@type":"EntryPoint","urlTemplate":"https:\/\/comerciodetorrelavega.com\/?s={search_term_string}"},"query-input":{"@type":"PropertyValueSpecification","valueRequired":true,"valueName":"search_term_string"}}],"inLanguage":"es"},{"@type":"Organization","@id":"https:\/\/comerciodetorrelavega.com\/#organization","name":"COMVEGA","url":"https:\/\/comerciodetorrelavega.com\/","logo":{"@type":"ImageObject","inLanguage":"es","@id":"https:\/\/comerciodetorrelavega.com\/#\/schema\/logo\/image\/","url":"https:\/\/comerciodetorrelavega.com\/wp-content\/uploads\/2020\/05\/cropped-logoComvega.png","contentUrl":"https:\/\/comerciodetorrelavega.com\/wp-content\/uploads\/2020\/05\/cropped-logoComvega.png","width":764,"height":512,"caption":"COMVEGA"},"image":{"@id":"https:\/\/comerciodetorrelavega.com\/#\/schema\/logo\/image\/"}},{"@type":"Person","@id":"https:\/\/comerciodetorrelavega.com\/#\/schema\/person\/61cd5085fbaeb92f292a6e8cae84f5d9","name":"admin","image":{"@type":"ImageObject","inLanguage":"es","@id":"https:\/\/comerciodetorrelavega.com\/#\/schema\/person\/image\/","url":"https:\/\/secure.gravatar.com\/avatar\/4f3e38cb5c6a928b268c41894e04a68426a734989abc872b102a57a4c036d79f?s=96&d=mm&r=g","contentUrl":"https:\/\/secure.gravatar.com\/avatar\/4f3e38cb5c6a928b268c41894e04a68426a734989abc872b102a57a4c036d79f?s=96&d=mm&r=g","caption":"admin"},"sameAs":["https:\/\/comerciodetorrelavega.com"],"url":"https:\/\/comerciodetorrelavega.com\/?author=1"}]}},"jetpack_featured_media_url":"https:\/\/comerciodetorrelavega.com\/wp-content\/uploads\/2024\/09\/TusCompras2024.jpg","jetpack_sharing_enabled":true,"_links":{"self":[{"href":"https:\/\/comerciodetorrelavega.com\/index.php?rest_route=\/wp\/v2\/posts\/1124","targetHints":{"allow":["GET"]}}],"collection":[{"href":"https:\/\/comerciodetorrelavega.com\/index.php?rest_route=\/wp\/v2\/posts"}],"about":[{"href":"https:\/\/comerciodetorrelavega.com\/index.php?rest_route=\/wp\/v2\/types\/post"}],"author":[{"embeddable":true,"href":"https:\/\/comerciodetorrelavega.com\/index.php?rest_route=\/wp\/v2\/users\/1"}],"replies":[{"embeddable":true,"href":"https:\/\/comerciodetorrelavega.com\/index.php?rest_route=%2Fwp%2Fv2%2Fcomments&post=1124"}],"version-history":[{"count":8,"href":"https:\/\/comerciodetorrelavega.com\/index.php?rest_route=\/wp\/v2\/posts\/1124\/revisions"}],"predecessor-version":[{"id":1133,"href":"https:\/\/comerciodetorrelavega.com\/index.php?rest_route=\/wp\/v2\/posts\/1124\/revisions\/1133"}],"wp:featuredmedia":[{"embeddable":true,"href":"https:\/\/comerciodetorrelavega.com\/index.php?rest_route=\/wp\/v2\/media\/1129"}],"wp:attachment":[{"href":"https:\/\/comerciodetorrelavega.com\/index.php?rest_route=%2Fwp%2Fv2%2Fmedia&parent=1124"}],"wp:term":[{"taxonomy":"category","embeddable":true,"href":"https:\/\/comerciodetorrelavega.com\/index.php?rest_route=%2Fwp%2Fv2%2Fcategories&post=1124"},{"taxonomy":"post_tag","embeddable":true,"href":"https:\/\/comerciodetorrelavega.com\/index.php?rest_route=%2Fwp%2Fv2%2Ftags&post=1124"}],"curies":[{"name":"wp","href":"https:\/\/api.w.org\/{rel}","templated":true}]}}