{"id":965,"date":"2023-12-04T10:11:42","date_gmt":"2023-12-04T10:11:42","guid":{"rendered":"https:\/\/comerciodetorrelavega.com\/?p=965"},"modified":"2023-12-05T17:01:26","modified_gmt":"2023-12-05T17:01:26","slug":"navidades-en-comvega-bases","status":"publish","type":"post","link":"https:\/\/comerciodetorrelavega.com\/?p=965","title":{"rendered":"Navidades en COMVEGA &#8211; Bases Y Establecimientos participantes"},"content":{"rendered":"\t\t<div data-elementor-type=\"wp-post\" data-elementor-id=\"965\" class=\"elementor elementor-965\">\n\t\t\t\t\t\t<section class=\"elementor-section elementor-top-section elementor-element elementor-element-f649c51 elementor-section-boxed elementor-section-height-default elementor-section-height-default\" data-id=\"f649c51\" data-element_type=\"section\" data-e-type=\"section\">\n\t\t\t\t\t\t<div class=\"elementor-container elementor-column-gap-default\">\n\t\t\t\t\t<div class=\"elementor-column elementor-col-100 elementor-top-column elementor-element elementor-element-216b3a6\" data-id=\"216b3a6\" data-element_type=\"column\" data-e-type=\"column\">\n\t\t\t<div class=\"elementor-widget-wrap elementor-element-populated\">\n\t\t\t\t\t\t<div class=\"elementor-element elementor-element-da9d532 elementor-widget elementor-widget-image\" data-id=\"da9d532\" data-element_type=\"widget\" data-e-type=\"widget\" data-widget_type=\"image.default\">\n\t\t\t\t<div class=\"elementor-widget-container\">\n\t\t\t\t\t\t\t\t\t\t\t\t\t\t\t<img fetchpriority=\"high\" decoding=\"async\" width=\"724\" height=\"1024\" src=\"https:\/\/comerciodetorrelavega.com\/wp-content\/uploads\/2023\/12\/navidades-COMVEGA-2023-724x1024.jpg\" class=\"attachment-large size-large wp-image-980\" alt=\"Navidades en COMVEGA 2023\" srcset=\"https:\/\/comerciodetorrelavega.com\/wp-content\/uploads\/2023\/12\/navidades-COMVEGA-2023-724x1024.jpg 724w, https:\/\/comerciodetorrelavega.com\/wp-content\/uploads\/2023\/12\/navidades-COMVEGA-2023-212x300.jpg 212w, https:\/\/comerciodetorrelavega.com\/wp-content\/uploads\/2023\/12\/navidades-COMVEGA-2023-768x1086.jpg 768w, https:\/\/comerciodetorrelavega.com\/wp-content\/uploads\/2023\/12\/navidades-COMVEGA-2023-1086x1536.jpg 1086w, https:\/\/comerciodetorrelavega.com\/wp-content\/uploads\/2023\/12\/navidades-COMVEGA-2023-1448x2048.jpg 1448w, https:\/\/comerciodetorrelavega.com\/wp-content\/uploads\/2023\/12\/navidades-COMVEGA-2023-scaled.jpg 1810w\" sizes=\"(max-width: 724px) 100vw, 724px\" \/>\t\t\t\t\t\t\t\t\t\t\t\t\t\t\t<\/div>\n\t\t\t\t<\/div>\n\t\t\t\t<div class=\"elementor-element elementor-element-8fcce6a elementor-widget elementor-widget-heading\" data-id=\"8fcce6a\" data-element_type=\"widget\" data-e-type=\"widget\" data-widget_type=\"heading.default\">\n\t\t\t\t<div class=\"elementor-widget-container\">\n\t\t\t\t\t<h2 class=\"elementor-heading-title elementor-size-default\">Bases<\/h2>\t\t\t\t<\/div>\n\t\t\t\t<\/div>\n\t\t\t\t<div class=\"elementor-element elementor-element-8db549c elementor-widget elementor-widget-text-editor\" data-id=\"8db549c\" data-element_type=\"widget\" data-e-type=\"widget\" data-widget_type=\"text-editor.default\">\n\t\t\t\t<div class=\"elementor-widget-container\">\n\t\t\t\t\t\t\t\t\t<ul><li>Del 4 al 20 de diciembre se llevar\u00e1 a cabo en Torrelavega la campa\u00f1a \u201cNavidades en Comvega\u201d en la que podr\u00e1n participar <strong><u>establecimientos asociados a COMVEGA<\/u><\/strong>.<\/li><li>Cada establecimiento dispondr\u00e1, al menos, de 200 papeletas\u00a0para poder repartir entre los clientes que compren por un m\u00ednimo de 5 \u20ac. Igualmente, se entregar\u00e1n a cada comercio las bases de la campa\u00f1a, as\u00ed como carteles promocionales.<\/li><li>Cada establecimiento participante entregar\u00e1 a su cliente <strong><u>una papeleta por cada\u00a0tramo de\u00a0compra superior a 5 \u20ac,\u00a0hasta un m\u00e1ximo de 5 papeletas por venta<\/u><\/strong>, que este cumplimentar\u00e1 con su nombre, apellidos y tel\u00e9fono de contacto. Los datos personales recogidos durante esta campa\u00f1a no entrar\u00e1n a formar parte de ninguna base de datos, y se proceder\u00e1 a su destrucci\u00f3n una vez finalizada la campa\u00f1a y respet\u00e1ndose el contenido de la LOPD.<\/li><li>Los establecimientos participantes en la campa\u00f1a aparecer\u00e1n en un listado publicado en el Facebook (facebook.com\/comvega) y en la web de Comvega.<\/li><li>Las papeletas se rellenar\u00e1n por los clientes\u00a0<strong><u>desde el 4 al 20 de diciembre\u00a0inclusive<\/u><\/strong>.<\/li><li>Cada comercio guardar\u00e1 en su establecimiento esas papeletas cumplimentadas por los clientes hasta que sean retiradas por la organizaci\u00f3n.<\/li><li>Cada una de\u00a0las papeletas cumplimentadas deber\u00e1n tener el <strong><u>sello o los datos del establecimiento\u00a0que las haya entregado<\/u><\/strong>.<\/li><li><strong><u>El\u00a0d\u00eda 21 de diciembre, a las 20:00 horas,\u00a0en la c\u00e1mara de comercio de Torrelavega, se proceder\u00e1 a extraer 10 papeletas<\/u><\/strong>, que deber\u00e1n estar debidamente cumplimentadas y con el identificativo del establecimiento participante.<\/li><li><strong><u>El premio para las 10 personas titulares de esas diez papeletas ser\u00e1\u00a0una cesa de navidad<\/u><\/strong>. Adem\u00e1s, el titular de <strong><u>la primera papeleta que se extraiga tendr\u00e1 un premio adicional de 600\u20ac<\/u><\/strong> en un vale regalo de consumo en tres de los establecimientos participantes en la campa\u00f1a. Ser\u00e1 obligatorio un gasto m\u00ednimo de 200\u20ac donde sell\u00f3 su papeleta y un gasto m\u00ednimo de 50\u20ac en otros dos establecimientos, debiendo hacer el gasto <strong><u>el d\u00eda 23 de diciembre desde las 11:00<\/u><\/strong>.<\/li><li>Se extraer\u00e1n, igualmente,\u00a0cinco papeletas de reserva\u00a0que se dar\u00e1n a conocer solo si alguna de las papeletas agraciadas no se localizara en 24 horas siguientes al sorteo.<\/li><li>Igualmente, los <strong><u>establecimientos que aparezcan en las 2 primeras papeletas<\/u><\/strong> que se saquen durante el sorteo, obtendr\u00e1n una cesta de navidad. En el caso de que se repita el nombre del establecimiento, el premio ser\u00e1 para el que aparezca en la papeleta siguiente, hasta completar 2 establecimientos diferentes.<\/li><li>Las personas premiadas, si no fueran localizadas en el tel\u00e9fono indicado en la papeleta en las 24 horas siguientes al sorteo,\u00a0no tendr\u00e1n derecho a la obtenci\u00f3n del premio de esta campa\u00f1a.<\/li><li>Una vez localizada cada persona premiada, se le indicar\u00e1 como proceder para recoger el premio.<\/li><li>A cada una de las personas premiadas <strong><u>se le entregar\u00e1,<\/u><\/strong><u> <strong>el d\u00eda 22 de diciembre, a las 20:30 horas, en la c\u00e1mara de comercio de Torrelavega<\/strong><\/u>, una cesta de navidad, adem\u00e1s del vale regalo por valor de 600\u20ac en compras para la primera papeleta premiada.<\/li><li>Cada persona premiada deber\u00e1 entregar a la organizaci\u00f3n una\u00a0fotocopia de su dni, firmar el correspondiente recib\u00ed del premio\u00a0y permitir la toma de im\u00e1genes del evento que quedar\u00e1n a disposici\u00f3n de la organizaci\u00f3n.<\/li><li>Cualquier\u00a0papeleta manipulada o defectuosa\u00a0no ser\u00e1 aceptada por la organizaci\u00f3n para que pueda ser premiada.<\/li><li>En la campa\u00f1a podr\u00e1n participar y ser premiadas\u00a0exclusivamente <strong><u>personas mayores de 18 a\u00f1os<\/u><\/strong>.<\/li><li>La persona premiada podr\u00e1 ser sustituida por otra para recibir el premio el d\u00eda 22 de diciembre,\u00a0siempre que lleve la correspondiente autorizaci\u00f3n.<\/li><li>No podr\u00e1 ser premiada\u00a0una persona que haya cumplimentado su papeleta en el establecimiento propio o de un familiar de primer o segundo grado, o donde pueda existir esa relaci\u00f3n de parentesco con las personas que all\u00ed trabajen.<\/li><li>El incumplimiento de alg\u00fan punto de estas bases por el comerciante o por el agraciado dar\u00e1 lugar a la\u00a0revocaci\u00f3n del premio\u00a0o a no poder canjear el premio correspondiente.<\/li><li>Cualquier duda o controversia que generen las presentes bases ser\u00e1n resueltas por la Asociaci\u00f3n de Comerciantes de Torrelavega-COMVEGA, siendo su resoluci\u00f3n inapelable.<\/li><\/ul>\t\t\t\t\t\t\t\t<\/div>\n\t\t\t\t<\/div>\n\t\t\t\t\t<\/div>\n\t\t<\/div>\n\t\t\t\t\t<\/div>\n\t\t<\/section>\n\t\t\t\t<section class=\"elementor-section elementor-top-section elementor-element elementor-element-24b8f8f elementor-section-boxed elementor-section-height-default elementor-section-height-default\" data-id=\"24b8f8f\" data-element_type=\"section\" data-e-type=\"section\">\n\t\t\t\t\t\t<div class=\"elementor-container elementor-column-gap-default\">\n\t\t\t\t\t<div class=\"elementor-column elementor-col-100 elementor-top-column elementor-element elementor-element-69fd0f2\" data-id=\"69fd0f2\" data-element_type=\"column\" data-e-type=\"column\">\n\t\t\t<div class=\"elementor-widget-wrap elementor-element-populated\">\n\t\t\t\t\t\t<div class=\"elementor-element elementor-element-ec980c1 elementor-widget elementor-widget-text-editor\" data-id=\"ec980c1\" data-element_type=\"widget\" data-e-type=\"widget\" data-widget_type=\"text-editor.default\">\n\t\t\t\t<div class=\"elementor-widget-container\">\n\t\t\t\t\t\t\t\t\t<p><strong><em>CAMPA\u00d1A ORGANIZADA POR LA ASOCIACI\u00d3N DE COMERCIANTES Y EMPRESARIOS DE TORRELAVEGA (COMVEGA), EN LA QUE COLABORA LA CONSEJER\u00cdA DE INDUSTRIA, EMPLEO, INNOVACI\u00d3N Y COMERCIO DEL GOBIERNO DE CANTABRIA, EL AYUNTAMIENTO DE TORRELAVEGA, LA C\u00c1MARA DE COMERCIO DE TORRELAVEGA Y LA FEDERACI\u00d3N DEL COMERCIO DE CANTABRIA-COERCAN<\/em><\/strong><\/p>\t\t\t\t\t\t\t\t<\/div>\n\t\t\t\t<\/div>\n\t\t\t\t\t<\/div>\n\t\t<\/div>\n\t\t\t\t\t<\/div>\n\t\t<\/section>\n\t\t\t\t<section class=\"elementor-section elementor-top-section elementor-element elementor-element-c5e3c86 elementor-section-boxed elementor-section-height-default elementor-section-height-default\" data-id=\"c5e3c86\" data-element_type=\"section\" data-e-type=\"section\">\n\t\t\t\t\t\t<div class=\"elementor-container elementor-column-gap-default\">\n\t\t\t\t\t<div class=\"elementor-column elementor-col-100 elementor-top-column elementor-element elementor-element-7aa7913\" data-id=\"7aa7913\" data-element_type=\"column\" data-e-type=\"column\">\n\t\t\t<div class=\"elementor-widget-wrap elementor-element-populated\">\n\t\t\t\t\t\t<div class=\"elementor-element elementor-element-9e0a2bb elementor-widget elementor-widget-heading\" data-id=\"9e0a2bb\" data-element_type=\"widget\" data-e-type=\"widget\" data-widget_type=\"heading.default\">\n\t\t\t\t<div class=\"elementor-widget-container\">\n\t\t\t\t\t<h2 class=\"elementor-heading-title elementor-size-default\">Establecimientos Participantes<\/h2>\t\t\t\t<\/div>\n\t\t\t\t<\/div>\n\t\t\t\t\t<\/div>\n\t\t<\/div>\n\t\t\t\t\t<\/div>\n\t\t<\/section>\n\t\t\t\t<section class=\"elementor-section elementor-top-section elementor-element elementor-element-ab78814 elementor-section-boxed elementor-section-height-default elementor-section-height-default\" data-id=\"ab78814\" data-element_type=\"section\" data-e-type=\"section\">\n\t\t\t\t\t\t<div class=\"elementor-container elementor-column-gap-default\">\n\t\t\t\t\t<div class=\"elementor-column elementor-col-100 elementor-top-column elementor-element elementor-element-5f02e81\" data-id=\"5f02e81\" data-element_type=\"column\" data-e-type=\"column\">\n\t\t\t<div class=\"elementor-widget-wrap elementor-element-populated\">\n\t\t\t\t\t\t<div class=\"elementor-element elementor-element-ef9f606 elementor-widget elementor-widget-text-editor\" data-id=\"ef9f606\" data-element_type=\"widget\" data-e-type=\"widget\" data-widget_type=\"text-editor.default\">\n\t\t\t\t<div class=\"elementor-widget-container\">\n\t\t\t\t\t\t\t\t\t<ul><li>2 VALDESES RESTAURANTE \u2013 C\/ AUGUSTO G. LINARES 26<\/li><li>ABMICROS \u2013 C\/ JOS\u00c9 MAR\u00cdA PEREDA 42<\/li><li>ADMINISTRACI\u00d3N DE LOTER\u00cdA N\u00ba 4 \u2013 C\/ VALLE DE VALD\u00c1LIGA N\u00ba 5<\/li><li>ACADEMIA DE PELUQUER\u00cdA CARLOS\u2019S \u2013 C\/ PEP\u00cdN DEL R\u00cdO GATOO 3<\/li><li>AJA SONIDO \u2013 C\/ JOS\u00c9 MAR\u00cdA PEREDA, 26<\/li><li>ALUMINIOS JOS\u00c9 LUIS &#8211; C\/ MIES DE ENTREVI\u00d1AS 209<\/li><li>APB COMPUTERS \u2013 C\/ ANSAR, 1<\/li><li>ARTES MARATTA \u2013 C\/ JOS\u00c9 M\u00aa DE PEREDA, 22<\/li><li>ASESORIA COTERILLO &#8211; PLZ. LOS VALLES 5<\/li><li>AUTOCLASS 21 &#8211; C\/ PADRE DAMI\u00c1N 21<\/li><li>BAR EL ABUELO \u2013 C\/ LI\u00c9BANA S\/N<\/li><li>BAR EL LEGADO DE PUCHI &#8211; C\/ VALLE LOS TOJOS 1<\/li><li>BAR S\u00c1NCHEZ &#8211; C\/ VALLE DE CABU\u00c9RNIGA S\/N<\/li><li>BAR VALPAS \u2013 C\/ JOS\u00c9 MAR\u00cdA PEREDA 36<\/li><li>BARBER CRISTINA G\u00d3MEZ \u2013 C\/ CEFERINO CALDER\u00d3N 8<\/li><li>BIENESTARIS &#8211; C\/ JOS\u00c9 MAR\u00cdA PEREDA 63<\/li><li>CAF\u00c9 BAR LA PRINCIPAL \u2013 AV. SOLVAY N\u00ba 1 BAJO<\/li><li>CAFETER\u00cdA CRAZY \u2013 C\/ CONDE TORREANAZ BJ5<\/li><li>CAFETER\u00cdA EL ENTRANTE \u2013 C\/ VALLE DE RUESGA 6<\/li><li>CANDY LAND \u2013 C\/ JUAN JOS\u00c9 RUANO 1<\/li><li>CARNICER\u00cdA CARLOS \u2013 PLZ. DE LOS VALLES 7<\/li><li>CENOR ELECTRODOM\u00c9STICOS\u2013 JOS\u00c9 MAR\u00cdA PEREDA 21<\/li><li>CL\u00cdNICA DENTAL CRISTINA &#8211; PLZ MAURO MURIEDAS 5<\/li><li>CL\u00cdNICA DENTAL PI\u00c9LAGOS &#8211; C\/ CAMARGO S\/N<\/li><li>COMERCIAL GEL\u00cdN \u2013 C\/ BONIFACIO CASTILLO ORCAJO 9<\/li><li>COMPUTER CENTER \u2013 C\/ AS\u00d3N S\/N<\/li><li>CONGELADOS MARYVER \u2013 PLZ. DE LOS VALLES 3<\/li><li>DELICATESSEN LA DESPENSA \u2013 PLZ. MAURO MURIEDAS S\/N<\/li><li>EL ZORRO \u2013 C\/ JOS\u00c9 MAR\u00cdA PEREDA 35 BJ 7<\/li><li>ELECTRODOM\u00c9STICOS SARRY \u2013 C\/ CONSOLACI\u00d3N, 27<\/li><li>ESTANCO CAMPUZANO \u2013 AV. PALENCIA N\u00ba 23<\/li><li>ESTANCO N\u00ba 9 &#8211; C\/ LI\u00c9BANA 2<\/li><li>ESTANCO TORRE 2 \u2013 C\/ CONDE TORREANANZ N\u00ba 1 BAJO<\/li><li>EST\u00c9TICA MAICA &#8211; PLZ. DE LOS VALLES 3<\/li><li>EXCLUSIVAS TORREANAZ \u2013 C\/ JOS\u00c9 MAR\u00cdA DE PEREDA N\u00ba8 BAJO<\/li><li>FARMACIA AURORA ASENSIO OCHOA \u2013 AV. PALENCIA 15 CAMPUZANO<\/li><li>FARMACIA BOTE &#8211; C\/ CABU\u00c9RNIGA 14<\/li><li>FERRETER\u00cdA EL 95 \u2013 AV. CANTABRIA S\/N<\/li><li>FLASH BODY FASHION TATUAJES \u2013 C\/ AUGUSTO G LINARES 9<\/li><li>FLORES ALTEA \u2013 C\/ JULI\u00c1N URBINA 8<\/li><li>FLORES MANUEL \u2013 C\/ RUIZ TAGLE 7<\/li><li>FLORISTER\u00cdA AROMAS \u2013 C\/ PABLO GARNICA 1<\/li><li>FLORISTER\u00cdA PEONIA GARDEN \u2013 AV. MEN\u00c9NDEZ PELAYO 6<\/li><li>FONTANER\u00cdA ANGUJE &#8211; C\/ VALLE DE BUELNA BLQ. 3 N\u00ba4<\/li><li>FOTOLATENTE ESTUDIO \u2013 C\/ PINTOR MODINOS 4 BJ 5<\/li><li>FRUTAS BARQU\u00cdN &#8211; AV. GENERAL CASTA\u00d1EDA 4<\/li><li>FRUTAS BLAS \u2013 C\/ SOBA S\/N<\/li><li>FRUTER\u00cdA&amp;CO \u2013 C\/ LASAGA LARRETA N\u00ba 24<\/li><li>GANESH GROW &#8211; C\/ JOS\u00c9 GUTI\u00c9RREZ ALONSO 12<\/li><li>GLASS DRIVE &#8211; AV. DE BILBAO 30<\/li><li>GRUPO ONE FACILITY SERVICES &#8211; C\/ VALLE DE CABU\u00c9RNIGA 12<\/li><li>\u00cdNDIGO MODA Y COMPLEMENTOS \u2013 C\/ JOAQU\u00cdN HOYOS 4<\/li><li>INTERZOO &#8211; C\/ JULI\u00c1N CEBALLOS 36<\/li><li>JOYER\u00cdA ARTE \u2013 C\/ CONSOLACI\u00d3N 18<\/li><li>JOYER\u00cdA GRECO \u2013 PLZ. MAYOR, 2<\/li><li>JOYER\u00cdA JOSE LUIS \u2013 PLZ. DE LOS VALLES, 6 BJ.<\/li><li>JOYER\u00cdA PONCHO \u2013 PSO. JULIO HAUZEUR, 2 \u2013 C.C. ALTAMIRA<\/li><li>JOYER\u00cdA RELOJER\u00cdA DALA \u2013 AV. DEL BESAYA 28<\/li><li>JULMAN ELECTRODOM\u00c9STICOS \u2013 AV. DEL BESAYA 40<\/li><li>LA TIENDUCA DE TANOS \u2013 C\/ JOS\u00c9 GUTI\u00c9RREZ PORTILLA 465<\/li><li>LED MAN\u00cdA \u2013 C\/ MARQU\u00c9S DE VALDECILLA Y PELAYO 14<\/li><li>LIBRER\u00cdA CAMPILLO \u2013 C\/ JULI\u00c1N CEBALLOS, 31<\/li><li>LIBRER\u00cdA TAIGA \u2013 C\/ JULI\u00c1N CEBALLOS 17<\/li><li>MAQUINARIA PALENCIA &#8211; AV. FERNANDO ARCE 35<\/li><li>MAREPRIX 2 \u2013 C\/ VALLE DE RUESGA 2-4<\/li><li>MOTOS JES\u00daS S\u00c1IZ \u2013 C\/ JOS\u00c9 MAR\u00cdA DE PEREDA 38<\/li><li>NGH COSMETIC \u2013 C\/ JULI\u00c1N CEBALLOS 50<\/li><li>PANADER\u00cdA LA ASUNCI\u00d3N \u2013 C\/ CONSOLACI\u00d3N 29<\/li><li>PASTELER\u00cdA SOL \u2013 PLZ. DE LOS VALLES 5<\/li><li>PELUQUER\u00cdA DAVID FERN\u00c1NDEZ \u2013 PLZ. COVADONGA N\u00ba 1<\/li><li>PELUQUER\u00cdA ESTILISTAS M\u00aa JES\u00daS S\u00c1NCHEZ &#8211; C\/ CABU\u00c9RNIGA<\/li><li>PELUQUER\u00cdA LINEA UNO \u2013 C\/ JULI\u00c1N CEBALLOS 7<\/li><li>PELUQUER\u00cdA PEDRO COLLANTES \u2013 C\/ JOAQU\u00cdN HOYOS 2<\/li><li>PELUQUER\u00cdA PEREDA 41 \u2013 C\/ JOS\u00c9 MAR\u00cdA PEREDA, 20 BJ.<\/li><li>PELUQUER\u00cdA ROBERTO &#8211; C\/ VALLE DEL PAS 6<\/li><li>PELUQUER\u00cdAS CARLOS\u00b4S \u2013 CC CARREFOUR<\/li><li>PESCADER\u00cdA SUANCES \u2013 PLZ. PEDRO ANTONIO GOMEZ HAZA S\/N<\/li><li>QUESER\u00cdA HERMANOS S\u00c1EZ \u2013 B\u00ba LA MONTA\u00d1A 64-68<\/li><li>QUIROSPAT \u2013 C\/ JUAN XXIII 19<\/li><li>REINA &amp; HIJOS CORREDUR\u00cdA DE SEGUROS \u2013 C\/ JOS\u00c9 MAR\u00cdA DE PEREDA 22<\/li><li>SABORES DE LI\u00c9BANA \u2013 C\/ VALLE DE CABU\u00c9RNIGA S\/N<\/li><li>SAL\u00d3N DE BELLEZA VELASCO &#8211; AV. CANTABRIA 14<\/li><li>SOPHIE PELUQUER\u00cdA &#8211; AV. CANTABRIA 20<\/li><li>STEFANO HOMBRE \u2013 C\/ VALLE DE LI\u00c9BANA 6<\/li><li>SUMINISTROS GARTE \u2013 AV. PALENCIA 3 BAJO<\/li><li>SUMINISTROS SUANCES &#8211; C\/ CAMARGO S\/N<\/li><li>TALLER DE JOYERIA R.OBREGON \u2013 C\/ M\u00c1RTIRES, 16<\/li><li>TALLERES TOMAS SAIZ \u2013 B\u00ba EL CEREZO 14<\/li><li>TOY PLANET \u2013 C\/ JOS\u00c9 MAR\u00cdA PEREDA 59<\/li><li>TRIBAL STILISTAS \u2013 PLZ. DE LOS VALLES 7A BJ.<\/li><li>TU DESCANSO &#8211; AV. DE BILBAO 16<\/li><li>VIAJES ARTIA \u2013 C\/ ANCHA 9<\/li><li>VIAJES CARREFOUR TORRELAVEGA \u2013 AV. BILBAO S\/N \u2013 CC. CARREFOUR<\/li><li>VINOTECA TORRE DE LA VEGA \u2013 C\/ JUAN JOS\u00c9 RUANO 1<\/li><\/ul>\t\t\t\t\t\t\t\t<\/div>\n\t\t\t\t<\/div>\n\t\t\t\t\t<\/div>\n\t\t<\/div>\n\t\t\t\t\t<\/div>\n\t\t<\/section>\n\t\t\t\t<\/div>\n\t\t","protected":false},"excerpt":{"rendered":"<p>Bases Del 4 al 20 de diciembre se llevar\u00e1 a cabo en Torrelavega la campa\u00f1a \u201cNavidades en Comvega\u201d en la que podr\u00e1n participar establecimientos asociados a COMVEGA. Cada establecimiento dispondr\u00e1, al menos, de 200 papeletas\u00a0para poder repartir entre los clientes que compren por un m\u00ednimo de 5 \u20ac. Igualmente, se entregar\u00e1n a cada comercio las&hellip;&nbsp;<a href=\"https:\/\/comerciodetorrelavega.com\/?p=965\" rel=\"bookmark\">Leer m\u00e1s &raquo;<span class=\"screen-reader-text\">Navidades en COMVEGA &#8211; Bases Y Establecimientos participantes<\/span><\/a><\/p>\n","protected":false},"author":1,"featured_media":980,"comment_status":"closed","ping_status":"open","sticky":false,"template":"","format":"standard","meta":{"neve_meta_sidebar":"","neve_meta_container":"","neve_meta_enable_content_width":"","neve_meta_content_width":0,"neve_meta_title_alignment":"","neve_meta_author_avatar":"","neve_post_elements_order":"[\"title\",\"content\"]","neve_meta_disable_header":"","neve_meta_disable_footer":"","neve_meta_disable_title":"","_jetpack_memberships_contains_paid_content":false,"footnotes":""},"categories":[5],"tags":[],"class_list":["post-965","post","type-post","status-publish","format-standard","has-post-thumbnail","hentry","category-campanas"],"yoast_head":"<!-- This site is optimized with the Yoast SEO plugin v26.9 - https:\/\/yoast.com\/product\/yoast-seo-wordpress\/ -->\n<title>Navidades en COMVEGA - Bases Y Establecimientos participantes - COMVEGA<\/title>\n<meta name=\"robots\" content=\"index, follow, max-snippet:-1, max-image-preview:large, max-video-preview:-1\" \/>\n<link rel=\"canonical\" href=\"https:\/\/comerciodetorrelavega.com\/?p=965\" \/>\n<meta property=\"og:locale\" content=\"es_ES\" \/>\n<meta property=\"og:type\" content=\"article\" \/>\n<meta property=\"og:title\" content=\"Navidades en COMVEGA - Bases Y Establecimientos participantes - COMVEGA\" \/>\n<meta property=\"og:description\" content=\"Bases Del 4 al 20 de diciembre se llevar\u00e1 a cabo en Torrelavega la campa\u00f1a \u201cNavidades en Comvega\u201d en la que podr\u00e1n participar establecimientos asociados a COMVEGA. Cada establecimiento dispondr\u00e1, al menos, de 200 papeletas\u00a0para poder repartir entre los clientes que compren por un m\u00ednimo de 5 \u20ac. Igualmente, se entregar\u00e1n a cada comercio las&hellip;&nbsp;Leer m\u00e1s &raquo;Navidades en COMVEGA &#8211; Bases Y Establecimientos participantes\" \/>\n<meta property=\"og:url\" content=\"https:\/\/comerciodetorrelavega.com\/?p=965\" \/>\n<meta property=\"og:site_name\" content=\"COMVEGA\" \/>\n<meta property=\"article:published_time\" content=\"2023-12-04T10:11:42+00:00\" \/>\n<meta property=\"article:modified_time\" content=\"2023-12-05T17:01:26+00:00\" \/>\n<meta property=\"og:image\" content=\"https:\/\/comerciodetorrelavega.com\/wp-content\/uploads\/2023\/12\/navidades-COMVEGA-2023-scaled.jpg\" \/>\n\t<meta property=\"og:image:width\" content=\"1810\" \/>\n\t<meta property=\"og:image:height\" content=\"2560\" \/>\n\t<meta property=\"og:image:type\" content=\"image\/jpeg\" \/>\n<meta name=\"author\" content=\"admin\" \/>\n<meta name=\"twitter:card\" content=\"summary_large_image\" \/>\n<meta name=\"twitter:label1\" content=\"Escrito por\" \/>\n\t<meta name=\"twitter:data1\" content=\"admin\" \/>\n\t<meta name=\"twitter:label2\" content=\"Tiempo de lectura\" \/>\n\t<meta name=\"twitter:data2\" content=\"7 minutos\" \/>\n<script type=\"application\/ld+json\" class=\"yoast-schema-graph\">{\"@context\":\"https:\/\/schema.org\",\"@graph\":[{\"@type\":\"Article\",\"@id\":\"https:\/\/comerciodetorrelavega.com\/?p=965#article\",\"isPartOf\":{\"@id\":\"https:\/\/comerciodetorrelavega.com\/?p=965\"},\"author\":{\"name\":\"admin\",\"@id\":\"https:\/\/comerciodetorrelavega.com\/#\/schema\/person\/61cd5085fbaeb92f292a6e8cae84f5d9\"},\"headline\":\"Navidades en COMVEGA &#8211; Bases Y Establecimientos participantes\",\"datePublished\":\"2023-12-04T10:11:42+00:00\",\"dateModified\":\"2023-12-05T17:01:26+00:00\",\"mainEntityOfPage\":{\"@id\":\"https:\/\/comerciodetorrelavega.com\/?p=965\"},\"wordCount\":1468,\"publisher\":{\"@id\":\"https:\/\/comerciodetorrelavega.com\/#organization\"},\"image\":{\"@id\":\"https:\/\/comerciodetorrelavega.com\/?p=965#primaryimage\"},\"thumbnailUrl\":\"https:\/\/comerciodetorrelavega.com\/wp-content\/uploads\/2023\/12\/navidades-COMVEGA-2023-scaled.jpg\",\"articleSection\":[\"campa\u00f1as\"],\"inLanguage\":\"es\"},{\"@type\":\"WebPage\",\"@id\":\"https:\/\/comerciodetorrelavega.com\/?p=965\",\"url\":\"https:\/\/comerciodetorrelavega.com\/?p=965\",\"name\":\"Navidades en COMVEGA - Bases Y Establecimientos participantes - COMVEGA\",\"isPartOf\":{\"@id\":\"https:\/\/comerciodetorrelavega.com\/#website\"},\"primaryImageOfPage\":{\"@id\":\"https:\/\/comerciodetorrelavega.com\/?p=965#primaryimage\"},\"image\":{\"@id\":\"https:\/\/comerciodetorrelavega.com\/?p=965#primaryimage\"},\"thumbnailUrl\":\"https:\/\/comerciodetorrelavega.com\/wp-content\/uploads\/2023\/12\/navidades-COMVEGA-2023-scaled.jpg\",\"datePublished\":\"2023-12-04T10:11:42+00:00\",\"dateModified\":\"2023-12-05T17:01:26+00:00\",\"breadcrumb\":{\"@id\":\"https:\/\/comerciodetorrelavega.com\/?p=965#breadcrumb\"},\"inLanguage\":\"es\",\"potentialAction\":[{\"@type\":\"ReadAction\",\"target\":[\"https:\/\/comerciodetorrelavega.com\/?p=965\"]}]},{\"@type\":\"ImageObject\",\"inLanguage\":\"es\",\"@id\":\"https:\/\/comerciodetorrelavega.com\/?p=965#primaryimage\",\"url\":\"https:\/\/comerciodetorrelavega.com\/wp-content\/uploads\/2023\/12\/navidades-COMVEGA-2023-scaled.jpg\",\"contentUrl\":\"https:\/\/comerciodetorrelavega.com\/wp-content\/uploads\/2023\/12\/navidades-COMVEGA-2023-scaled.jpg\",\"width\":1810,\"height\":2560,\"caption\":\"Navidades en COMVEGA 2023\"},{\"@type\":\"BreadcrumbList\",\"@id\":\"https:\/\/comerciodetorrelavega.com\/?p=965#breadcrumb\",\"itemListElement\":[{\"@type\":\"ListItem\",\"position\":1,\"name\":\"Home\",\"item\":\"https:\/\/comerciodetorrelavega.com\/\"},{\"@type\":\"ListItem\",\"position\":2,\"name\":\"Navidades en COMVEGA &#8211; Bases Y Establecimientos participantes\"}]},{\"@type\":\"WebSite\",\"@id\":\"https:\/\/comerciodetorrelavega.com\/#website\",\"url\":\"https:\/\/comerciodetorrelavega.com\/\",\"name\":\"COMVEGA\",\"description\":\"Asociaci\u00f3n de Comerciantes de Torrelavega\",\"publisher\":{\"@id\":\"https:\/\/comerciodetorrelavega.com\/#organization\"},\"potentialAction\":[{\"@type\":\"SearchAction\",\"target\":{\"@type\":\"EntryPoint\",\"urlTemplate\":\"https:\/\/comerciodetorrelavega.com\/?s={search_term_string}\"},\"query-input\":{\"@type\":\"PropertyValueSpecification\",\"valueRequired\":true,\"valueName\":\"search_term_string\"}}],\"inLanguage\":\"es\"},{\"@type\":\"Organization\",\"@id\":\"https:\/\/comerciodetorrelavega.com\/#organization\",\"name\":\"COMVEGA\",\"url\":\"https:\/\/comerciodetorrelavega.com\/\",\"logo\":{\"@type\":\"ImageObject\",\"inLanguage\":\"es\",\"@id\":\"https:\/\/comerciodetorrelavega.com\/#\/schema\/logo\/image\/\",\"url\":\"https:\/\/comerciodetorrelavega.com\/wp-content\/uploads\/2020\/05\/cropped-logoComvega.png\",\"contentUrl\":\"https:\/\/comerciodetorrelavega.com\/wp-content\/uploads\/2020\/05\/cropped-logoComvega.png\",\"width\":764,\"height\":512,\"caption\":\"COMVEGA\"},\"image\":{\"@id\":\"https:\/\/comerciodetorrelavega.com\/#\/schema\/logo\/image\/\"}},{\"@type\":\"Person\",\"@id\":\"https:\/\/comerciodetorrelavega.com\/#\/schema\/person\/61cd5085fbaeb92f292a6e8cae84f5d9\",\"name\":\"admin\",\"image\":{\"@type\":\"ImageObject\",\"inLanguage\":\"es\",\"@id\":\"https:\/\/comerciodetorrelavega.com\/#\/schema\/person\/image\/\",\"url\":\"https:\/\/secure.gravatar.com\/avatar\/4f3e38cb5c6a928b268c41894e04a68426a734989abc872b102a57a4c036d79f?s=96&d=mm&r=g\",\"contentUrl\":\"https:\/\/secure.gravatar.com\/avatar\/4f3e38cb5c6a928b268c41894e04a68426a734989abc872b102a57a4c036d79f?s=96&d=mm&r=g\",\"caption\":\"admin\"},\"sameAs\":[\"https:\/\/comerciodetorrelavega.com\"],\"url\":\"https:\/\/comerciodetorrelavega.com\/?author=1\"}]}<\/script>\n<!-- \/ Yoast SEO plugin. -->","yoast_head_json":{"title":"Navidades en COMVEGA - Bases Y Establecimientos participantes - COMVEGA","robots":{"index":"index","follow":"follow","max-snippet":"max-snippet:-1","max-image-preview":"max-image-preview:large","max-video-preview":"max-video-preview:-1"},"canonical":"https:\/\/comerciodetorrelavega.com\/?p=965","og_locale":"es_ES","og_type":"article","og_title":"Navidades en COMVEGA - Bases Y Establecimientos participantes - COMVEGA","og_description":"Bases Del 4 al 20 de diciembre se llevar\u00e1 a cabo en Torrelavega la campa\u00f1a \u201cNavidades en Comvega\u201d en la que podr\u00e1n participar establecimientos asociados a COMVEGA. Cada establecimiento dispondr\u00e1, al menos, de 200 papeletas\u00a0para poder repartir entre los clientes que compren por un m\u00ednimo de 5 \u20ac. Igualmente, se entregar\u00e1n a cada comercio las&hellip;&nbsp;Leer m\u00e1s &raquo;Navidades en COMVEGA &#8211; Bases Y Establecimientos participantes","og_url":"https:\/\/comerciodetorrelavega.com\/?p=965","og_site_name":"COMVEGA","article_published_time":"2023-12-04T10:11:42+00:00","article_modified_time":"2023-12-05T17:01:26+00:00","og_image":[{"width":1810,"height":2560,"url":"https:\/\/comerciodetorrelavega.com\/wp-content\/uploads\/2023\/12\/navidades-COMVEGA-2023-scaled.jpg","type":"image\/jpeg"}],"author":"admin","twitter_card":"summary_large_image","twitter_misc":{"Escrito por":"admin","Tiempo de lectura":"7 minutos"},"schema":{"@context":"https:\/\/schema.org","@graph":[{"@type":"Article","@id":"https:\/\/comerciodetorrelavega.com\/?p=965#article","isPartOf":{"@id":"https:\/\/comerciodetorrelavega.com\/?p=965"},"author":{"name":"admin","@id":"https:\/\/comerciodetorrelavega.com\/#\/schema\/person\/61cd5085fbaeb92f292a6e8cae84f5d9"},"headline":"Navidades en COMVEGA &#8211; Bases Y Establecimientos participantes","datePublished":"2023-12-04T10:11:42+00:00","dateModified":"2023-12-05T17:01:26+00:00","mainEntityOfPage":{"@id":"https:\/\/comerciodetorrelavega.com\/?p=965"},"wordCount":1468,"publisher":{"@id":"https:\/\/comerciodetorrelavega.com\/#organization"},"image":{"@id":"https:\/\/comerciodetorrelavega.com\/?p=965#primaryimage"},"thumbnailUrl":"https:\/\/comerciodetorrelavega.com\/wp-content\/uploads\/2023\/12\/navidades-COMVEGA-2023-scaled.jpg","articleSection":["campa\u00f1as"],"inLanguage":"es"},{"@type":"WebPage","@id":"https:\/\/comerciodetorrelavega.com\/?p=965","url":"https:\/\/comerciodetorrelavega.com\/?p=965","name":"Navidades en COMVEGA - Bases Y Establecimientos participantes - COMVEGA","isPartOf":{"@id":"https:\/\/comerciodetorrelavega.com\/#website"},"primaryImageOfPage":{"@id":"https:\/\/comerciodetorrelavega.com\/?p=965#primaryimage"},"image":{"@id":"https:\/\/comerciodetorrelavega.com\/?p=965#primaryimage"},"thumbnailUrl":"https:\/\/comerciodetorrelavega.com\/wp-content\/uploads\/2023\/12\/navidades-COMVEGA-2023-scaled.jpg","datePublished":"2023-12-04T10:11:42+00:00","dateModified":"2023-12-05T17:01:26+00:00","breadcrumb":{"@id":"https:\/\/comerciodetorrelavega.com\/?p=965#breadcrumb"},"inLanguage":"es","potentialAction":[{"@type":"ReadAction","target":["https:\/\/comerciodetorrelavega.com\/?p=965"]}]},{"@type":"ImageObject","inLanguage":"es","@id":"https:\/\/comerciodetorrelavega.com\/?p=965#primaryimage","url":"https:\/\/comerciodetorrelavega.com\/wp-content\/uploads\/2023\/12\/navidades-COMVEGA-2023-scaled.jpg","contentUrl":"https:\/\/comerciodetorrelavega.com\/wp-content\/uploads\/2023\/12\/navidades-COMVEGA-2023-scaled.jpg","width":1810,"height":2560,"caption":"Navidades en COMVEGA 2023"},{"@type":"BreadcrumbList","@id":"https:\/\/comerciodetorrelavega.com\/?p=965#breadcrumb","itemListElement":[{"@type":"ListItem","position":1,"name":"Home","item":"https:\/\/comerciodetorrelavega.com\/"},{"@type":"ListItem","position":2,"name":"Navidades en COMVEGA &#8211; Bases Y Establecimientos participantes"}]},{"@type":"WebSite","@id":"https:\/\/comerciodetorrelavega.com\/#website","url":"https:\/\/comerciodetorrelavega.com\/","name":"COMVEGA","description":"Asociaci\u00f3n de Comerciantes de Torrelavega","publisher":{"@id":"https:\/\/comerciodetorrelavega.com\/#organization"},"potentialAction":[{"@type":"SearchAction","target":{"@type":"EntryPoint","urlTemplate":"https:\/\/comerciodetorrelavega.com\/?s={search_term_string}"},"query-input":{"@type":"PropertyValueSpecification","valueRequired":true,"valueName":"search_term_string"}}],"inLanguage":"es"},{"@type":"Organization","@id":"https:\/\/comerciodetorrelavega.com\/#organization","name":"COMVEGA","url":"https:\/\/comerciodetorrelavega.com\/","logo":{"@type":"ImageObject","inLanguage":"es","@id":"https:\/\/comerciodetorrelavega.com\/#\/schema\/logo\/image\/","url":"https:\/\/comerciodetorrelavega.com\/wp-content\/uploads\/2020\/05\/cropped-logoComvega.png","contentUrl":"https:\/\/comerciodetorrelavega.com\/wp-content\/uploads\/2020\/05\/cropped-logoComvega.png","width":764,"height":512,"caption":"COMVEGA"},"image":{"@id":"https:\/\/comerciodetorrelavega.com\/#\/schema\/logo\/image\/"}},{"@type":"Person","@id":"https:\/\/comerciodetorrelavega.com\/#\/schema\/person\/61cd5085fbaeb92f292a6e8cae84f5d9","name":"admin","image":{"@type":"ImageObject","inLanguage":"es","@id":"https:\/\/comerciodetorrelavega.com\/#\/schema\/person\/image\/","url":"https:\/\/secure.gravatar.com\/avatar\/4f3e38cb5c6a928b268c41894e04a68426a734989abc872b102a57a4c036d79f?s=96&d=mm&r=g","contentUrl":"https:\/\/secure.gravatar.com\/avatar\/4f3e38cb5c6a928b268c41894e04a68426a734989abc872b102a57a4c036d79f?s=96&d=mm&r=g","caption":"admin"},"sameAs":["https:\/\/comerciodetorrelavega.com"],"url":"https:\/\/comerciodetorrelavega.com\/?author=1"}]}},"jetpack_featured_media_url":"https:\/\/comerciodetorrelavega.com\/wp-content\/uploads\/2023\/12\/navidades-COMVEGA-2023-scaled.jpg","jetpack_sharing_enabled":true,"_links":{"self":[{"href":"https:\/\/comerciodetorrelavega.com\/index.php?rest_route=\/wp\/v2\/posts\/965","targetHints":{"allow":["GET"]}}],"collection":[{"href":"https:\/\/comerciodetorrelavega.com\/index.php?rest_route=\/wp\/v2\/posts"}],"about":[{"href":"https:\/\/comerciodetorrelavega.com\/index.php?rest_route=\/wp\/v2\/types\/post"}],"author":[{"embeddable":true,"href":"https:\/\/comerciodetorrelavega.com\/index.php?rest_route=\/wp\/v2\/users\/1"}],"replies":[{"embeddable":true,"href":"https:\/\/comerciodetorrelavega.com\/index.php?rest_route=%2Fwp%2Fv2%2Fcomments&post=965"}],"version-history":[{"count":33,"href":"https:\/\/comerciodetorrelavega.com\/index.php?rest_route=\/wp\/v2\/posts\/965\/revisions"}],"predecessor-version":[{"id":1019,"href":"https:\/\/comerciodetorrelavega.com\/index.php?rest_route=\/wp\/v2\/posts\/965\/revisions\/1019"}],"wp:featuredmedia":[{"embeddable":true,"href":"https:\/\/comerciodetorrelavega.com\/index.php?rest_route=\/wp\/v2\/media\/980"}],"wp:attachment":[{"href":"https:\/\/comerciodetorrelavega.com\/index.php?rest_route=%2Fwp%2Fv2%2Fmedia&parent=965"}],"wp:term":[{"taxonomy":"category","embeddable":true,"href":"https:\/\/comerciodetorrelavega.com\/index.php?rest_route=%2Fwp%2Fv2%2Fcategories&post=965"},{"taxonomy":"post_tag","embeddable":true,"href":"https:\/\/comerciodetorrelavega.com\/index.php?rest_route=%2Fwp%2Fv2%2Ftags&post=965"}],"curies":[{"name":"wp","href":"https:\/\/api.w.org\/{rel}","templated":true}]}}