{"id":994,"date":"2023-12-04T11:41:33","date_gmt":"2023-12-04T11:41:33","guid":{"rendered":"https:\/\/comerciodetorrelavega.com\/?p=994"},"modified":"2023-12-04T11:42:48","modified_gmt":"2023-12-04T11:42:48","slug":"comvega-inicia-la-campana-navidades-en-comvega","status":"publish","type":"post","link":"https:\/\/comerciodetorrelavega.com\/?p=994","title":{"rendered":"COMVEGA inicia la campa\u00f1a \u00abnavidades en COMVEGA\u00bb"},"content":{"rendered":"\t\t<div data-elementor-type=\"wp-post\" data-elementor-id=\"994\" class=\"elementor elementor-994\">\n\t\t\t\t\t\t<section class=\"elementor-section elementor-top-section elementor-element elementor-element-97039c2 elementor-section-boxed elementor-section-height-default elementor-section-height-default\" data-id=\"97039c2\" data-element_type=\"section\" data-e-type=\"section\">\n\t\t\t\t\t\t<div class=\"elementor-container elementor-column-gap-default\">\n\t\t\t\t\t<div class=\"elementor-column elementor-col-100 elementor-top-column elementor-element elementor-element-6596449\" data-id=\"6596449\" data-element_type=\"column\" data-e-type=\"column\">\n\t\t\t<div class=\"elementor-widget-wrap elementor-element-populated\">\n\t\t\t\t\t\t<div class=\"elementor-element elementor-element-b0b721b elementor-widget elementor-widget-heading\" data-id=\"b0b721b\" data-element_type=\"widget\" data-e-type=\"widget\" data-widget_type=\"heading.default\">\n\t\t\t\t<div class=\"elementor-widget-container\">\n\t\t\t\t\t<h3 class=\"elementor-heading-title elementor-size-default\">La asociaci\u00f3n sortear\u00e1 12 cestas de Navidad y un vale regalo de 600 euros entre los participantes en la promoci\u00f3n<\/h3>\t\t\t\t<\/div>\n\t\t\t\t<\/div>\n\t\t\t\t\t<\/div>\n\t\t<\/div>\n\t\t\t\t\t<\/div>\n\t\t<\/section>\n\t\t\t\t<section class=\"elementor-section elementor-top-section elementor-element elementor-element-69dc294 elementor-section-boxed elementor-section-height-default elementor-section-height-default\" data-id=\"69dc294\" data-element_type=\"section\" data-e-type=\"section\">\n\t\t\t\t\t\t<div class=\"elementor-container elementor-column-gap-default\">\n\t\t\t\t\t<div class=\"elementor-column elementor-col-100 elementor-top-column elementor-element elementor-element-0faea45\" data-id=\"0faea45\" data-element_type=\"column\" data-e-type=\"column\">\n\t\t\t<div class=\"elementor-widget-wrap elementor-element-populated\">\n\t\t\t\t\t\t<div class=\"elementor-element elementor-element-ca1a42f elementor-widget elementor-widget-image\" data-id=\"ca1a42f\" data-element_type=\"widget\" data-e-type=\"widget\" data-widget_type=\"image.default\">\n\t\t\t\t<div class=\"elementor-widget-container\">\n\t\t\t\t\t\t\t\t\t\t\t\t\t\t\t<img fetchpriority=\"high\" decoding=\"async\" width=\"724\" height=\"1024\" src=\"https:\/\/comerciodetorrelavega.com\/wp-content\/uploads\/2023\/12\/navidades-COMVEGA-2023-724x1024.jpg\" class=\"attachment-large size-large wp-image-980\" alt=\"Navidades en COMVEGA 2023\" srcset=\"https:\/\/comerciodetorrelavega.com\/wp-content\/uploads\/2023\/12\/navidades-COMVEGA-2023-724x1024.jpg 724w, https:\/\/comerciodetorrelavega.com\/wp-content\/uploads\/2023\/12\/navidades-COMVEGA-2023-212x300.jpg 212w, https:\/\/comerciodetorrelavega.com\/wp-content\/uploads\/2023\/12\/navidades-COMVEGA-2023-768x1086.jpg 768w, https:\/\/comerciodetorrelavega.com\/wp-content\/uploads\/2023\/12\/navidades-COMVEGA-2023-1086x1536.jpg 1086w, https:\/\/comerciodetorrelavega.com\/wp-content\/uploads\/2023\/12\/navidades-COMVEGA-2023-1448x2048.jpg 1448w, https:\/\/comerciodetorrelavega.com\/wp-content\/uploads\/2023\/12\/navidades-COMVEGA-2023-scaled.jpg 1810w\" sizes=\"(max-width: 724px) 100vw, 724px\" \/>\t\t\t\t\t\t\t\t\t\t\t\t\t\t\t<\/div>\n\t\t\t\t<\/div>\n\t\t\t\t\t<\/div>\n\t\t<\/div>\n\t\t\t\t\t<\/div>\n\t\t<\/section>\n\t\t\t\t<section class=\"elementor-section elementor-top-section elementor-element elementor-element-647ef98 elementor-section-boxed elementor-section-height-default elementor-section-height-default\" data-id=\"647ef98\" data-element_type=\"section\" data-e-type=\"section\">\n\t\t\t\t\t\t<div class=\"elementor-container elementor-column-gap-default\">\n\t\t\t\t\t<div class=\"elementor-column elementor-col-100 elementor-top-column elementor-element elementor-element-3cf2812\" data-id=\"3cf2812\" data-element_type=\"column\" data-e-type=\"column\">\n\t\t\t<div class=\"elementor-widget-wrap elementor-element-populated\">\n\t\t\t\t\t\t<div class=\"elementor-element elementor-element-6fe5185 elementor-widget elementor-widget-text-editor\" data-id=\"6fe5185\" data-element_type=\"widget\" data-e-type=\"widget\" data-widget_type=\"text-editor.default\">\n\t\t\t\t<div class=\"elementor-widget-container\">\n\t\t\t\t\t\t\t\t\t<p>La Asociaci\u00f3n de Comerciantes y Empresarios de Torrelavega \u2013 COMVEGA ha puesto en marcha una nueva edici\u00f3n de su campa\u00f1a de promoci\u00f3n comercial \u201cNavidades en COMVEGA\u201d, en la que sortear\u00e1 varios premios entre los clientes de los establecimientos de Torrelavega y para la que ha contado con la colaboraci\u00f3n de la Consejer\u00eda de Industria, Empleo, Innovaci\u00f3n y Comercio del Gobierno de Cantabria, el Ayuntamiento de Torrelavega, la Federaci\u00f3n del Comercio de Cantabria \u2013 COERCAN y la C\u00e1mara de Comercio de Torrelavega.<\/p><p>En esta campa\u00f1a COMVEGA sortear\u00e1 10 cestas de Navidad entre los clientes que realicen compras superiores a 5\u20ac en los establecimientos participantes del 4 al 20 de diciembre. El 21 de diciembre se realizar\u00e1 el sorteo en la C\u00e1mara de Comercio de Torrelavega, en el que se extraer\u00e1n 10 papeletas, la primera de las cuales recibir\u00e1 adem\u00e1s un vale regalo por valor de 600\u20ac para gastar en los establecimientos adheridos la campa\u00f1a.<\/p><p>Adem\u00e1s de estos premios para los clientes, los establecimientos que hayan sellado las dos primeras papeletas extra\u00eddas recibir\u00e1n cada uno otra cesta de Navidad.<\/p><p>El 22 de diciembre se realizar\u00e1 la entrega de los premios, y el ganador del primer premio deber\u00e1 gastar su vale regalo de 600\u20ac el 23 de diciembre en tres de los establecimientos participantes.<\/p><p>Este ser\u00e1 el tercer a\u00f1o que COMVEGA lleva a cabo esta campa\u00f1a, que en todas sus ediciones ha contado con una excelente participaci\u00f3n tanto por parte de los establecimientos comerciales como de los clientes, y que, junto a otras campa\u00f1as realizadas durante el a\u00f1o, como \u201cCOMVEGA es 39300\u201d, en la que se repartieron m\u00e1s de 1.500 euros en premios, contribuye a fomentar el gasto en el comercio y la hosteler\u00eda locales.<\/p>\t\t\t\t\t\t\t\t<\/div>\n\t\t\t\t<\/div>\n\t\t\t\t\t<\/div>\n\t\t<\/div>\n\t\t\t\t\t<\/div>\n\t\t<\/section>\n\t\t\t\t<\/div>\n\t\t","protected":false},"excerpt":{"rendered":"<p>La asociaci\u00f3n sortear\u00e1 12 cestas de Navidad y un vale regalo de 600 euros entre los participantes en la promoci\u00f3n La Asociaci\u00f3n de Comerciantes y Empresarios de Torrelavega \u2013 COMVEGA ha puesto en marcha una nueva edici\u00f3n de su campa\u00f1a de promoci\u00f3n comercial \u201cNavidades en COMVEGA\u201d, en la que sortear\u00e1 varios premios entre los clientes&hellip;&nbsp;<a href=\"https:\/\/comerciodetorrelavega.com\/?p=994\" rel=\"bookmark\">Leer m\u00e1s &raquo;<span class=\"screen-reader-text\">COMVEGA inicia la campa\u00f1a \u00abnavidades en COMVEGA\u00bb<\/span><\/a><\/p>\n","protected":false},"author":1,"featured_media":980,"comment_status":"closed","ping_status":"open","sticky":false,"template":"","format":"standard","meta":{"neve_meta_sidebar":"","neve_meta_container":"","neve_meta_enable_content_width":"","neve_meta_content_width":0,"neve_meta_title_alignment":"","neve_meta_author_avatar":"","neve_post_elements_order":"[\"title\",\"meta\",\"content\"]","neve_meta_disable_header":"","neve_meta_disable_footer":"","neve_meta_disable_title":"","_jetpack_memberships_contains_paid_content":false,"footnotes":""},"categories":[6],"tags":[],"class_list":["post-994","post","type-post","status-publish","format-standard","has-post-thumbnail","hentry","category-noticias"],"yoast_head":"<!-- This site is optimized with the Yoast SEO plugin v26.9 - https:\/\/yoast.com\/product\/yoast-seo-wordpress\/ -->\n<title>COMVEGA inicia la campa\u00f1a &quot;navidades en COMVEGA&quot; - COMVEGA<\/title>\n<meta name=\"robots\" content=\"index, follow, max-snippet:-1, max-image-preview:large, max-video-preview:-1\" \/>\n<link rel=\"canonical\" href=\"https:\/\/comerciodetorrelavega.com\/?p=994\" \/>\n<meta property=\"og:locale\" content=\"es_ES\" \/>\n<meta property=\"og:type\" content=\"article\" \/>\n<meta property=\"og:title\" content=\"COMVEGA inicia la campa\u00f1a &quot;navidades en COMVEGA&quot; - COMVEGA\" \/>\n<meta property=\"og:description\" content=\"La asociaci\u00f3n sortear\u00e1 12 cestas de Navidad y un vale regalo de 600 euros entre los participantes en la promoci\u00f3n La Asociaci\u00f3n de Comerciantes y Empresarios de Torrelavega \u2013 COMVEGA ha puesto en marcha una nueva edici\u00f3n de su campa\u00f1a de promoci\u00f3n comercial \u201cNavidades en COMVEGA\u201d, en la que sortear\u00e1 varios premios entre los clientes&hellip;&nbsp;Leer m\u00e1s &raquo;COMVEGA inicia la campa\u00f1a \u00abnavidades en COMVEGA\u00bb\" \/>\n<meta property=\"og:url\" content=\"https:\/\/comerciodetorrelavega.com\/?p=994\" \/>\n<meta property=\"og:site_name\" content=\"COMVEGA\" \/>\n<meta property=\"article:published_time\" content=\"2023-12-04T11:41:33+00:00\" \/>\n<meta property=\"article:modified_time\" content=\"2023-12-04T11:42:48+00:00\" \/>\n<meta property=\"og:image\" content=\"https:\/\/comerciodetorrelavega.com\/wp-content\/uploads\/2023\/12\/navidades-COMVEGA-2023-scaled.jpg\" \/>\n\t<meta property=\"og:image:width\" content=\"1810\" \/>\n\t<meta property=\"og:image:height\" content=\"2560\" \/>\n\t<meta property=\"og:image:type\" content=\"image\/jpeg\" \/>\n<meta name=\"author\" content=\"admin\" \/>\n<meta name=\"twitter:card\" content=\"summary_large_image\" \/>\n<meta name=\"twitter:label1\" content=\"Escrito por\" \/>\n\t<meta name=\"twitter:data1\" content=\"admin\" \/>\n\t<meta name=\"twitter:label2\" content=\"Tiempo de lectura\" \/>\n\t<meta name=\"twitter:data2\" content=\"2 minutos\" \/>\n<script type=\"application\/ld+json\" class=\"yoast-schema-graph\">{\"@context\":\"https:\/\/schema.org\",\"@graph\":[{\"@type\":\"Article\",\"@id\":\"https:\/\/comerciodetorrelavega.com\/?p=994#article\",\"isPartOf\":{\"@id\":\"https:\/\/comerciodetorrelavega.com\/?p=994\"},\"author\":{\"name\":\"admin\",\"@id\":\"https:\/\/comerciodetorrelavega.com\/#\/schema\/person\/61cd5085fbaeb92f292a6e8cae84f5d9\"},\"headline\":\"COMVEGA inicia la campa\u00f1a \u00abnavidades en COMVEGA\u00bb\",\"datePublished\":\"2023-12-04T11:41:33+00:00\",\"dateModified\":\"2023-12-04T11:42:48+00:00\",\"mainEntityOfPage\":{\"@id\":\"https:\/\/comerciodetorrelavega.com\/?p=994\"},\"wordCount\":320,\"publisher\":{\"@id\":\"https:\/\/comerciodetorrelavega.com\/#organization\"},\"image\":{\"@id\":\"https:\/\/comerciodetorrelavega.com\/?p=994#primaryimage\"},\"thumbnailUrl\":\"https:\/\/comerciodetorrelavega.com\/wp-content\/uploads\/2023\/12\/navidades-COMVEGA-2023-scaled.jpg\",\"articleSection\":[\"Noticias\"],\"inLanguage\":\"es\"},{\"@type\":\"WebPage\",\"@id\":\"https:\/\/comerciodetorrelavega.com\/?p=994\",\"url\":\"https:\/\/comerciodetorrelavega.com\/?p=994\",\"name\":\"COMVEGA inicia la campa\u00f1a \\\"navidades en COMVEGA\\\" - COMVEGA\",\"isPartOf\":{\"@id\":\"https:\/\/comerciodetorrelavega.com\/#website\"},\"primaryImageOfPage\":{\"@id\":\"https:\/\/comerciodetorrelavega.com\/?p=994#primaryimage\"},\"image\":{\"@id\":\"https:\/\/comerciodetorrelavega.com\/?p=994#primaryimage\"},\"thumbnailUrl\":\"https:\/\/comerciodetorrelavega.com\/wp-content\/uploads\/2023\/12\/navidades-COMVEGA-2023-scaled.jpg\",\"datePublished\":\"2023-12-04T11:41:33+00:00\",\"dateModified\":\"2023-12-04T11:42:48+00:00\",\"breadcrumb\":{\"@id\":\"https:\/\/comerciodetorrelavega.com\/?p=994#breadcrumb\"},\"inLanguage\":\"es\",\"potentialAction\":[{\"@type\":\"ReadAction\",\"target\":[\"https:\/\/comerciodetorrelavega.com\/?p=994\"]}]},{\"@type\":\"ImageObject\",\"inLanguage\":\"es\",\"@id\":\"https:\/\/comerciodetorrelavega.com\/?p=994#primaryimage\",\"url\":\"https:\/\/comerciodetorrelavega.com\/wp-content\/uploads\/2023\/12\/navidades-COMVEGA-2023-scaled.jpg\",\"contentUrl\":\"https:\/\/comerciodetorrelavega.com\/wp-content\/uploads\/2023\/12\/navidades-COMVEGA-2023-scaled.jpg\",\"width\":1810,\"height\":2560,\"caption\":\"Navidades en COMVEGA 2023\"},{\"@type\":\"BreadcrumbList\",\"@id\":\"https:\/\/comerciodetorrelavega.com\/?p=994#breadcrumb\",\"itemListElement\":[{\"@type\":\"ListItem\",\"position\":1,\"name\":\"Home\",\"item\":\"https:\/\/comerciodetorrelavega.com\/\"},{\"@type\":\"ListItem\",\"position\":2,\"name\":\"COMVEGA inicia la campa\u00f1a \u00abnavidades en COMVEGA\u00bb\"}]},{\"@type\":\"WebSite\",\"@id\":\"https:\/\/comerciodetorrelavega.com\/#website\",\"url\":\"https:\/\/comerciodetorrelavega.com\/\",\"name\":\"COMVEGA\",\"description\":\"Asociaci\u00f3n de Comerciantes de Torrelavega\",\"publisher\":{\"@id\":\"https:\/\/comerciodetorrelavega.com\/#organization\"},\"potentialAction\":[{\"@type\":\"SearchAction\",\"target\":{\"@type\":\"EntryPoint\",\"urlTemplate\":\"https:\/\/comerciodetorrelavega.com\/?s={search_term_string}\"},\"query-input\":{\"@type\":\"PropertyValueSpecification\",\"valueRequired\":true,\"valueName\":\"search_term_string\"}}],\"inLanguage\":\"es\"},{\"@type\":\"Organization\",\"@id\":\"https:\/\/comerciodetorrelavega.com\/#organization\",\"name\":\"COMVEGA\",\"url\":\"https:\/\/comerciodetorrelavega.com\/\",\"logo\":{\"@type\":\"ImageObject\",\"inLanguage\":\"es\",\"@id\":\"https:\/\/comerciodetorrelavega.com\/#\/schema\/logo\/image\/\",\"url\":\"https:\/\/comerciodetorrelavega.com\/wp-content\/uploads\/2020\/05\/cropped-logoComvega.png\",\"contentUrl\":\"https:\/\/comerciodetorrelavega.com\/wp-content\/uploads\/2020\/05\/cropped-logoComvega.png\",\"width\":764,\"height\":512,\"caption\":\"COMVEGA\"},\"image\":{\"@id\":\"https:\/\/comerciodetorrelavega.com\/#\/schema\/logo\/image\/\"}},{\"@type\":\"Person\",\"@id\":\"https:\/\/comerciodetorrelavega.com\/#\/schema\/person\/61cd5085fbaeb92f292a6e8cae84f5d9\",\"name\":\"admin\",\"image\":{\"@type\":\"ImageObject\",\"inLanguage\":\"es\",\"@id\":\"https:\/\/comerciodetorrelavega.com\/#\/schema\/person\/image\/\",\"url\":\"https:\/\/secure.gravatar.com\/avatar\/4f3e38cb5c6a928b268c41894e04a68426a734989abc872b102a57a4c036d79f?s=96&d=mm&r=g\",\"contentUrl\":\"https:\/\/secure.gravatar.com\/avatar\/4f3e38cb5c6a928b268c41894e04a68426a734989abc872b102a57a4c036d79f?s=96&d=mm&r=g\",\"caption\":\"admin\"},\"sameAs\":[\"https:\/\/comerciodetorrelavega.com\"],\"url\":\"https:\/\/comerciodetorrelavega.com\/?author=1\"}]}<\/script>\n<!-- \/ Yoast SEO plugin. -->","yoast_head_json":{"title":"COMVEGA inicia la campa\u00f1a \"navidades en COMVEGA\" - COMVEGA","robots":{"index":"index","follow":"follow","max-snippet":"max-snippet:-1","max-image-preview":"max-image-preview:large","max-video-preview":"max-video-preview:-1"},"canonical":"https:\/\/comerciodetorrelavega.com\/?p=994","og_locale":"es_ES","og_type":"article","og_title":"COMVEGA inicia la campa\u00f1a \"navidades en COMVEGA\" - COMVEGA","og_description":"La asociaci\u00f3n sortear\u00e1 12 cestas de Navidad y un vale regalo de 600 euros entre los participantes en la promoci\u00f3n La Asociaci\u00f3n de Comerciantes y Empresarios de Torrelavega \u2013 COMVEGA ha puesto en marcha una nueva edici\u00f3n de su campa\u00f1a de promoci\u00f3n comercial \u201cNavidades en COMVEGA\u201d, en la que sortear\u00e1 varios premios entre los clientes&hellip;&nbsp;Leer m\u00e1s &raquo;COMVEGA inicia la campa\u00f1a \u00abnavidades en COMVEGA\u00bb","og_url":"https:\/\/comerciodetorrelavega.com\/?p=994","og_site_name":"COMVEGA","article_published_time":"2023-12-04T11:41:33+00:00","article_modified_time":"2023-12-04T11:42:48+00:00","og_image":[{"width":1810,"height":2560,"url":"https:\/\/comerciodetorrelavega.com\/wp-content\/uploads\/2023\/12\/navidades-COMVEGA-2023-scaled.jpg","type":"image\/jpeg"}],"author":"admin","twitter_card":"summary_large_image","twitter_misc":{"Escrito por":"admin","Tiempo de lectura":"2 minutos"},"schema":{"@context":"https:\/\/schema.org","@graph":[{"@type":"Article","@id":"https:\/\/comerciodetorrelavega.com\/?p=994#article","isPartOf":{"@id":"https:\/\/comerciodetorrelavega.com\/?p=994"},"author":{"name":"admin","@id":"https:\/\/comerciodetorrelavega.com\/#\/schema\/person\/61cd5085fbaeb92f292a6e8cae84f5d9"},"headline":"COMVEGA inicia la campa\u00f1a \u00abnavidades en COMVEGA\u00bb","datePublished":"2023-12-04T11:41:33+00:00","dateModified":"2023-12-04T11:42:48+00:00","mainEntityOfPage":{"@id":"https:\/\/comerciodetorrelavega.com\/?p=994"},"wordCount":320,"publisher":{"@id":"https:\/\/comerciodetorrelavega.com\/#organization"},"image":{"@id":"https:\/\/comerciodetorrelavega.com\/?p=994#primaryimage"},"thumbnailUrl":"https:\/\/comerciodetorrelavega.com\/wp-content\/uploads\/2023\/12\/navidades-COMVEGA-2023-scaled.jpg","articleSection":["Noticias"],"inLanguage":"es"},{"@type":"WebPage","@id":"https:\/\/comerciodetorrelavega.com\/?p=994","url":"https:\/\/comerciodetorrelavega.com\/?p=994","name":"COMVEGA inicia la campa\u00f1a \"navidades en COMVEGA\" - COMVEGA","isPartOf":{"@id":"https:\/\/comerciodetorrelavega.com\/#website"},"primaryImageOfPage":{"@id":"https:\/\/comerciodetorrelavega.com\/?p=994#primaryimage"},"image":{"@id":"https:\/\/comerciodetorrelavega.com\/?p=994#primaryimage"},"thumbnailUrl":"https:\/\/comerciodetorrelavega.com\/wp-content\/uploads\/2023\/12\/navidades-COMVEGA-2023-scaled.jpg","datePublished":"2023-12-04T11:41:33+00:00","dateModified":"2023-12-04T11:42:48+00:00","breadcrumb":{"@id":"https:\/\/comerciodetorrelavega.com\/?p=994#breadcrumb"},"inLanguage":"es","potentialAction":[{"@type":"ReadAction","target":["https:\/\/comerciodetorrelavega.com\/?p=994"]}]},{"@type":"ImageObject","inLanguage":"es","@id":"https:\/\/comerciodetorrelavega.com\/?p=994#primaryimage","url":"https:\/\/comerciodetorrelavega.com\/wp-content\/uploads\/2023\/12\/navidades-COMVEGA-2023-scaled.jpg","contentUrl":"https:\/\/comerciodetorrelavega.com\/wp-content\/uploads\/2023\/12\/navidades-COMVEGA-2023-scaled.jpg","width":1810,"height":2560,"caption":"Navidades en COMVEGA 2023"},{"@type":"BreadcrumbList","@id":"https:\/\/comerciodetorrelavega.com\/?p=994#breadcrumb","itemListElement":[{"@type":"ListItem","position":1,"name":"Home","item":"https:\/\/comerciodetorrelavega.com\/"},{"@type":"ListItem","position":2,"name":"COMVEGA inicia la campa\u00f1a \u00abnavidades en COMVEGA\u00bb"}]},{"@type":"WebSite","@id":"https:\/\/comerciodetorrelavega.com\/#website","url":"https:\/\/comerciodetorrelavega.com\/","name":"COMVEGA","description":"Asociaci\u00f3n de Comerciantes de Torrelavega","publisher":{"@id":"https:\/\/comerciodetorrelavega.com\/#organization"},"potentialAction":[{"@type":"SearchAction","target":{"@type":"EntryPoint","urlTemplate":"https:\/\/comerciodetorrelavega.com\/?s={search_term_string}"},"query-input":{"@type":"PropertyValueSpecification","valueRequired":true,"valueName":"search_term_string"}}],"inLanguage":"es"},{"@type":"Organization","@id":"https:\/\/comerciodetorrelavega.com\/#organization","name":"COMVEGA","url":"https:\/\/comerciodetorrelavega.com\/","logo":{"@type":"ImageObject","inLanguage":"es","@id":"https:\/\/comerciodetorrelavega.com\/#\/schema\/logo\/image\/","url":"https:\/\/comerciodetorrelavega.com\/wp-content\/uploads\/2020\/05\/cropped-logoComvega.png","contentUrl":"https:\/\/comerciodetorrelavega.com\/wp-content\/uploads\/2020\/05\/cropped-logoComvega.png","width":764,"height":512,"caption":"COMVEGA"},"image":{"@id":"https:\/\/comerciodetorrelavega.com\/#\/schema\/logo\/image\/"}},{"@type":"Person","@id":"https:\/\/comerciodetorrelavega.com\/#\/schema\/person\/61cd5085fbaeb92f292a6e8cae84f5d9","name":"admin","image":{"@type":"ImageObject","inLanguage":"es","@id":"https:\/\/comerciodetorrelavega.com\/#\/schema\/person\/image\/","url":"https:\/\/secure.gravatar.com\/avatar\/4f3e38cb5c6a928b268c41894e04a68426a734989abc872b102a57a4c036d79f?s=96&d=mm&r=g","contentUrl":"https:\/\/secure.gravatar.com\/avatar\/4f3e38cb5c6a928b268c41894e04a68426a734989abc872b102a57a4c036d79f?s=96&d=mm&r=g","caption":"admin"},"sameAs":["https:\/\/comerciodetorrelavega.com"],"url":"https:\/\/comerciodetorrelavega.com\/?author=1"}]}},"jetpack_featured_media_url":"https:\/\/comerciodetorrelavega.com\/wp-content\/uploads\/2023\/12\/navidades-COMVEGA-2023-scaled.jpg","jetpack_sharing_enabled":true,"_links":{"self":[{"href":"https:\/\/comerciodetorrelavega.com\/index.php?rest_route=\/wp\/v2\/posts\/994","targetHints":{"allow":["GET"]}}],"collection":[{"href":"https:\/\/comerciodetorrelavega.com\/index.php?rest_route=\/wp\/v2\/posts"}],"about":[{"href":"https:\/\/comerciodetorrelavega.com\/index.php?rest_route=\/wp\/v2\/types\/post"}],"author":[{"embeddable":true,"href":"https:\/\/comerciodetorrelavega.com\/index.php?rest_route=\/wp\/v2\/users\/1"}],"replies":[{"embeddable":true,"href":"https:\/\/comerciodetorrelavega.com\/index.php?rest_route=%2Fwp%2Fv2%2Fcomments&post=994"}],"version-history":[{"count":4,"href":"https:\/\/comerciodetorrelavega.com\/index.php?rest_route=\/wp\/v2\/posts\/994\/revisions"}],"predecessor-version":[{"id":998,"href":"https:\/\/comerciodetorrelavega.com\/index.php?rest_route=\/wp\/v2\/posts\/994\/revisions\/998"}],"wp:featuredmedia":[{"embeddable":true,"href":"https:\/\/comerciodetorrelavega.com\/index.php?rest_route=\/wp\/v2\/media\/980"}],"wp:attachment":[{"href":"https:\/\/comerciodetorrelavega.com\/index.php?rest_route=%2Fwp%2Fv2%2Fmedia&parent=994"}],"wp:term":[{"taxonomy":"category","embeddable":true,"href":"https:\/\/comerciodetorrelavega.com\/index.php?rest_route=%2Fwp%2Fv2%2Fcategories&post=994"},{"taxonomy":"post_tag","embeddable":true,"href":"https:\/\/comerciodetorrelavega.com\/index.php?rest_route=%2Fwp%2Fv2%2Ftags&post=994"}],"curies":[{"name":"wp","href":"https:\/\/api.w.org\/{rel}","templated":true}]}}